{"id":20912,"date":"2015-05-13T16:37:00","date_gmt":"2015-05-13T19:37:00","guid":{"rendered":"https:\/\/portalv1.com.br\/?p=20912"},"modified":"2015-05-13T16:37:00","modified_gmt":"2015-05-13T19:37:00","slug":"semana-do-museu-sera-comemorada-em-pimenteiras","status":"publish","type":"post","link":"https:\/\/portalv1.com.br\/semana-do-museu-sera-comemorada-em-pimenteiras\/","title":{"rendered":"Semana do Museu ser\u00e1 comemorada em Pimenteiras"},"content":{"rendered":"<figure id=\"attachment_20913\" aria-describedby=\"caption-attachment-20913\" style=\"width: 300px\" class=\"wp-caption alignright\"><a href=\"https:\/\/portalv1.com.br\/app\/wp-content\/uploads\/2015\/05\/20-1.jpg\"><img loading=\"lazy\" decoding=\"async\" class=\"size-medium wp-image-20913\" src=\"https:\/\/portalv1.com.br\/app\/wp-content\/uploads\/2015\/05\/20-1-300x169.jpg\" alt=\"Centro Cultural Cin\u00e9as Martins Nogueira\" width=\"300\" height=\"169\" srcset=\"https:\/\/portalv1.com.br\/app\/wp-content\/uploads\/2015\/05\/20-1-300x169.jpg 300w, https:\/\/portalv1.com.br\/app\/wp-content\/uploads\/2015\/05\/20-1.jpg 600w\" sizes=\"auto, (max-width: 300px) 100vw, 300px\" \/><\/a><figcaption id=\"caption-attachment-20913\" class=\"wp-caption-text\">Centro Cultural Cin\u00e9as Martins Nogueira<\/figcaption><\/figure>\n<p>Uma grande programa\u00e7\u00e3o est\u00e1 sendo montada pela secretaria de cultura de Pimenteiras para as comemora\u00e7\u00f5es da Semana Museu. A programa\u00e7\u00e3o de acordo com o secret\u00e1rio Gean Lucas ter\u00e1 inicio dia 18 dia maio, pr\u00f3xima segunda at\u00e9 a sexta-feira, 22 de maio. As atividades se concentrar\u00e3o no Centro Cultural Cin\u00e9as Martins Nogueira.<\/p>\n<p>Dia 18 haver\u00e1 apresenta\u00e7\u00f5es culturais, musica ao vivo com artistas e bandas da terra, al\u00e9m da exposi\u00e7\u00e3o museol\u00f3gico. Dia 22 de maio a partir das 19h ser\u00e1 montada no centro cultural barracas com comidas t\u00edpicas, quent\u00e3o, apresenta\u00e7\u00f5es culturais e forr\u00f3 p\u00e9 de serra com Chico dos Teclados (Peb\u00e3o), Jo\u00e3ozinho Pau de Lenha e Lucas do Acordeom de Picos.<\/p>\n<p>A Semana dos Museus realizada pelo Instituto Brasileiro de Museus acontece simultaneamente em todo o pais. Para 2015 o tema \u00e9 \u201cMuseus para uma sociedade sustent\u00e1vel\u201d.<\/p>\n","protected":false},"excerpt":{"rendered":"<p>Uma grande programa\u00e7\u00e3o est\u00e1 sendo montada pela secretaria de cultura de Pimenteiras para as comemora\u00e7\u00f5es da Semana Museu. A programa\u00e7\u00e3o de acordo com o secret\u00e1rio Gean Lucas ter\u00e1 inicio dia&#8230;<\/p>\n","protected":false},"author":1,"featured_media":0,"comment_status":"open","ping_status":"open","sticky":false,"template":"","format":"standard","meta":{"ngg_post_thumbnail":0,"footnotes":""},"categories":[12],"tags":[],"class_list":["post-20912","post","type-post","status-publish","format-standard","hentry","category-valenca-news"],"views":334,"meta_data":{"thumb":"https:\/\/portalv1.com.br\/app\/wp-content\/uploads\/2015\/05\/20-1.jpg","data":{"simple":"13\/05\/2015","date_time":"13\/05\/2015 13:37:00","date":"h\u00e1 11 anos"},"chapeu":"Cultura","source":"slide"},"_links":{"self":[{"href":"https:\/\/portalv1.com.br\/api\/wp\/v2\/posts\/20912","targetHints":{"allow":["GET"]}}],"collection":[{"href":"https:\/\/portalv1.com.br\/api\/wp\/v2\/posts"}],"about":[{"href":"https:\/\/portalv1.com.br\/api\/wp\/v2\/types\/post"}],"author":[{"embeddable":true,"href":"https:\/\/portalv1.com.br\/api\/wp\/v2\/users\/1"}],"replies":[{"embeddable":true,"href":"https:\/\/portalv1.com.br\/api\/wp\/v2\/comments?post=20912"}],"version-history":[{"count":0,"href":"https:\/\/portalv1.com.br\/api\/wp\/v2\/posts\/20912\/revisions"}],"wp:attachment":[{"href":"https:\/\/portalv1.com.br\/api\/wp\/v2\/media?parent=20912"}],"wp:term":[{"taxonomy":"category","embeddable":true,"href":"https:\/\/portalv1.com.br\/api\/wp\/v2\/categories?post=20912"},{"taxonomy":"post_tag","embeddable":true,"href":"https:\/\/portalv1.com.br\/api\/wp\/v2\/tags?post=20912"}],"curies":[{"name":"wp","href":"https:\/\/api.w.org\/{rel}","templated":true}]}}