{"id":20920,"date":"2015-05-14T17:40:53","date_gmt":"2015-05-14T20:40:53","guid":{"rendered":"https:\/\/portalv1.com.br\/?p=20920"},"modified":"2015-05-16T10:33:52","modified_gmt":"2015-05-16T13:33:52","slug":"festa-do-grupo-xamegao-da-15-sera-dia-06-no-crovapi-veja-atracoes","status":"publish","type":"post","link":"https:\/\/portalv1.com.br\/festa-do-grupo-xamegao-da-15-sera-dia-06-no-crovapi-veja-atracoes\/","title":{"rendered":"Festa do Grupo Xameg\u00e3o da 15 ser\u00e1 dia 06 no Crovapi. Veja atra\u00e7\u00f5es"},"content":{"rendered":"<figure id=\"attachment_20921\" aria-describedby=\"caption-attachment-20921\" style=\"width: 300px\" class=\"wp-caption alignright\"><a href=\"https:\/\/portalv1.com.br\/app\/wp-content\/uploads\/2015\/05\/CARTAZ-CHAMEGAO.jpg\"><img loading=\"lazy\" decoding=\"async\" class=\"wp-image-20921 size-medium\" src=\"https:\/\/portalv1.com.br\/app\/wp-content\/uploads\/2015\/05\/CARTAZ-CHAMEGAO-300x187.jpg\" alt=\"CARTAZ CHAMEG\u00c3O\" width=\"300\" height=\"187\" srcset=\"https:\/\/portalv1.com.br\/app\/wp-content\/uploads\/2015\/05\/CARTAZ-CHAMEGAO-300x187.jpg 300w, https:\/\/portalv1.com.br\/app\/wp-content\/uploads\/2015\/05\/CARTAZ-CHAMEGAO.jpg 640w\" sizes=\"auto, (max-width: 300px) 100vw, 300px\" \/><\/a><figcaption id=\"caption-attachment-20921\" class=\"wp-caption-text\">Grupo Cultural Xameg\u00e3o da 15<\/figcaption><\/figure>\n<p>Felipe e Banda Envolvente, Os Kapteriores, Forr\u00f3 Patente e Dj Thiago s\u00e3o algumas das atra\u00e7\u00f5es da festa de 15 anos do Grupo Cultural Xameg\u00e3o da 15, que ir\u00e1 acontecer dia 06 de junho no Crovapi Clube.<\/p>\n<p>A organiza\u00e7\u00e3o \u00e9 do promotor cultural Leilivan Martins, que anuncia ainda o concurso do garoto e garota folguedos 2015 e Maria Bonita e Lampi\u00e3o com distribui\u00e7\u00e3o de mil reais em dinheiro e brindes.<\/p>\n<p>A festa promete muitas outras novidades como assegurou o organizador Leilivan Martins \u00e0 reportagem.<\/p>\n<p>O Grupo Cultural Xameg\u00e3o da 15 conta ao longo desses 15 anos com muitos eventos culturais e esportivos e por diversas vezes representou a cidade em festivas e competi\u00e7\u00f5es Piau\u00ed a fora. A festa abre o per\u00edodo junino em Valen\u00e7a que terminar\u00e1 com o festival de quadrilha que esse ano ser\u00e1 realizado de 02 a 05 de julho.<\/p>\n","protected":false},"excerpt":{"rendered":"<p>Felipe e Banda Envolvente, Os Kapteriores, Forr\u00f3 Patente e Dj Thiago s\u00e3o algumas das atra\u00e7\u00f5es da festa de 15 anos do Grupo Cultural Xameg\u00e3o da 15, que ir\u00e1 acontecer dia&#8230;<\/p>\n","protected":false},"author":1,"featured_media":0,"comment_status":"open","ping_status":"open","sticky":false,"template":"","format":"standard","meta":{"ngg_post_thumbnail":0,"footnotes":""},"categories":[245,12],"tags":[],"class_list":["post-20920","post","type-post","status-publish","format-standard","hentry","category-entretenimento","category-valenca-news"],"views":732,"meta_data":{"thumb":"https:\/\/portalv1.com.br\/app\/wp-content\/uploads\/2015\/05\/CARTAZ-CHAMEGAO.jpg","data":{"simple":"14\/05\/2015","date_time":"14\/05\/2015 14:40:53","date":"h\u00e1 11 anos"},"chapeu":"","source":"retirar"},"_links":{"self":[{"href":"https:\/\/portalv1.com.br\/api\/wp\/v2\/posts\/20920","targetHints":{"allow":["GET"]}}],"collection":[{"href":"https:\/\/portalv1.com.br\/api\/wp\/v2\/posts"}],"about":[{"href":"https:\/\/portalv1.com.br\/api\/wp\/v2\/types\/post"}],"author":[{"embeddable":true,"href":"https:\/\/portalv1.com.br\/api\/wp\/v2\/users\/1"}],"replies":[{"embeddable":true,"href":"https:\/\/portalv1.com.br\/api\/wp\/v2\/comments?post=20920"}],"version-history":[{"count":0,"href":"https:\/\/portalv1.com.br\/api\/wp\/v2\/posts\/20920\/revisions"}],"wp:attachment":[{"href":"https:\/\/portalv1.com.br\/api\/wp\/v2\/media?parent=20920"}],"wp:term":[{"taxonomy":"category","embeddable":true,"href":"https:\/\/portalv1.com.br\/api\/wp\/v2\/categories?post=20920"},{"taxonomy":"post_tag","embeddable":true,"href":"https:\/\/portalv1.com.br\/api\/wp\/v2\/tags?post=20920"}],"curies":[{"name":"wp","href":"https:\/\/api.w.org\/{rel}","templated":true}]}}