{"id":209228,"date":"2024-07-03T16:02:26","date_gmt":"2024-07-03T19:02:26","guid":{"rendered":"https:\/\/portalv1.com.br\/?p=209228"},"modified":"2024-07-03T16:02:26","modified_gmt":"2024-07-03T19:02:26","slug":"governo-divulga-lista-de-cafes-torrados-improprios-para-consumo","status":"publish","type":"post","link":"https:\/\/portalv1.com.br\/governo-divulga-lista-de-cafes-torrados-improprios-para-consumo\/","title":{"rendered":"Governo divulga lista de caf\u00e9s torrados impr\u00f3prios para consumo"},"content":{"rendered":"<p>O Minist\u00e9rio da Agricultura e Pecu\u00e1ria divulgou nesta segunda-feira (1\u00ba) uma lista com 14 marcas de caf\u00e9 torrado que foram consideradas impr\u00f3prias para consumo humano ap\u00f3s a constata\u00e7\u00e3o de impurezas ou de elementos estranhos acima dos limites permitidos pela legisla\u00e7\u00e3o.<\/p>\n<p>Em nota, a pasta informou que os produtos que integram a lista devem ser recolhidos pelas empresas respons\u00e1veis. \u201cA a\u00e7\u00e3o est\u00e1 respaldada pelo artigo 29-A do Decreto 6.268\/2007, que prev\u00ea a aplica\u00e7\u00e3o do recolhimento em casos de risco \u00e0 sa\u00fade p\u00fablica, adultera\u00e7\u00e3o, fraude ou falsifica\u00e7\u00e3o de produtos\u201d, destacou.<\/p>\n<p><strong><a href=\"https:\/\/www.gov.br\/agricultura\/pt-br\/assuntos\/noticias\/mapa-divulga-lista-de-marcas-e-lotes-de-cafe-torrado-improprios-para-consumo\/listadoslotesdecafetorradoimpropriosparaoconsumoquehouvedeterminacaodomapaderecolhimento280620241.pdf\">Confira aqui<\/a><\/strong><\/p>\n<p>No comunicado, o minist\u00e9rio detalhou ainda que o alerta faz parte de desdobramentos da Opera\u00e7\u00e3o Valoriza, que contou com a\u00e7\u00f5es de fiscaliza\u00e7\u00e3o realizadas em todo o pa\u00eds entre os dias 18 e 28 de mar\u00e7o, quando foram coletadas 168 amostras de caf\u00e9 torrado.<\/p>\n<p>\u201cAos consumidores que caso tenham adquiridos esses produtos, o minist\u00e9rio orienta que deixem de consumi-los, podendo solicitar sua substitui\u00e7\u00e3o nos moldes determinados pelo C\u00f3digo de Defesa do Consumidor\u201d.<\/p>\n<p>Para quem encontrar alguma das marcas citadas na lista sendo comercializadas, a pasta pede para ser comunicada imediatamente por meio do canal oficial Fala.BR. \u00c9 preciso informar o nome do estabelecimento e o endere\u00e7o onde foi adquirido o produto.<\/p>\n<p>Os par\u00e2metros de qualidade definidos para o caf\u00e9 torrado podem ser acessados na&nbsp;<strong><a href=\"https:\/\/www.in.gov.br\/en\/web\/dou\/-\/portaria-sda-n-570-de-9-de-maio-de-2022-398971389\">Portaria 570 de 2022<\/a><\/strong>.<\/p>\n<p><a href=\"https:\/\/portalv1.com.br\/app\/wp-content\/uploads\/2024\/07\/cafe.jpg\"><img loading=\"lazy\" decoding=\"async\" class=\"aligncenter size-full wp-image-209230\" src=\"https:\/\/portalv1.com.br\/app\/wp-content\/uploads\/2024\/07\/cafe.jpg\" alt=\"\" width=\"750\" height=\"500\" srcset=\"https:\/\/portalv1.com.br\/app\/wp-content\/uploads\/2024\/07\/cafe.jpg 750w, https:\/\/portalv1.com.br\/app\/wp-content\/uploads\/2024\/07\/cafe-300x200.jpg 300w, https:\/\/portalv1.com.br\/app\/wp-content\/uploads\/2024\/07\/cafe-640x427.jpg 640w\" sizes=\"auto, (max-width: 750px) 100vw, 750px\" \/><\/a><\/p>\n","protected":false},"excerpt":{"rendered":"<p>O Minist\u00e9rio da Agricultura e Pecu\u00e1ria divulgou nesta segunda-feira (1\u00ba) uma lista com 14 marcas de caf\u00e9 torrado que foram consideradas impr\u00f3prias para consumo humano ap\u00f3s a constata\u00e7\u00e3o de impurezas&#8230;<\/p>\n","protected":false},"author":1,"featured_media":209230,"comment_status":"open","ping_status":"open","sticky":false,"template":"","format":"standard","meta":{"ngg_post_thumbnail":0,"footnotes":""},"categories":[243],"tags":[],"class_list":["post-209228","post","type-post","status-publish","format-standard","has-post-thumbnail","hentry","category-geral"],"views":159,"meta_data":{"thumb":"https:\/\/portalv1.com.br\/app\/wp-content\/uploads\/2024\/07\/cafe.jpg","imagem":{"fullsize":{"url":"https:\/\/portalv1.com.br\/app\/wp-content\/uploads\/2024\/07\/cafe.jpg","width":750,"height":500},"medium":{"url":"https:\/\/portalv1.com.br\/app\/wp-content\/uploads\/2024\/07\/cafe-300x200.jpg","width":300,"height":200},"large":{"url":"https:\/\/portalv1.com.br\/app\/wp-content\/uploads\/2024\/07\/cafe-640x427.jpg","width":640,"height":427},"thumbnail":{"url":"https:\/\/portalv1.com.br\/app\/wp-content\/uploads\/2024\/07\/cafe-100x100.jpg","width":100,"height":100}},"data":{"simple":"03\/07\/2024","date_time":"03\/07\/2024 13:02:26","date":"h\u00e1 2 anos"},"chapeu":"Veja lista","source":"foto_menor"},"_links":{"self":[{"href":"https:\/\/portalv1.com.br\/api\/wp\/v2\/posts\/209228","targetHints":{"allow":["GET"]}}],"collection":[{"href":"https:\/\/portalv1.com.br\/api\/wp\/v2\/posts"}],"about":[{"href":"https:\/\/portalv1.com.br\/api\/wp\/v2\/types\/post"}],"author":[{"embeddable":true,"href":"https:\/\/portalv1.com.br\/api\/wp\/v2\/users\/1"}],"replies":[{"embeddable":true,"href":"https:\/\/portalv1.com.br\/api\/wp\/v2\/comments?post=209228"}],"version-history":[{"count":0,"href":"https:\/\/portalv1.com.br\/api\/wp\/v2\/posts\/209228\/revisions"}],"wp:featuredmedia":[{"embeddable":true,"href":"https:\/\/portalv1.com.br\/api\/wp\/v2\/media\/209230"}],"wp:attachment":[{"href":"https:\/\/portalv1.com.br\/api\/wp\/v2\/media?parent=209228"}],"wp:term":[{"taxonomy":"category","embeddable":true,"href":"https:\/\/portalv1.com.br\/api\/wp\/v2\/categories?post=209228"},{"taxonomy":"post_tag","embeddable":true,"href":"https:\/\/portalv1.com.br\/api\/wp\/v2\/tags?post=209228"}],"curies":[{"name":"wp","href":"https:\/\/api.w.org\/{rel}","templated":true}]}}