{"id":20944,"date":"2015-05-16T13:50:00","date_gmt":"2015-05-16T16:50:00","guid":{"rendered":"https:\/\/portalv1.com.br\/?p=20944"},"modified":"2015-05-16T21:39:25","modified_gmt":"2015-05-17T00:39:25","slug":"eleicao-suplementar-em-valenca-deve-ocorrer-em-junho","status":"publish","type":"post","link":"https:\/\/portalv1.com.br\/eleicao-suplementar-em-valenca-deve-ocorrer-em-junho\/","title":{"rendered":"ELEI\u00c7\u00c3O suplementar em Valen\u00e7a deve ocorrer em junho"},"content":{"rendered":"<p><a href=\"https:\/\/portalv1.com.br\/app\/wp-content\/uploads\/2015\/04\/valenca.jpg\"><img loading=\"lazy\" decoding=\"async\" class=\"alignright wp-image-20710 size-medium\" src=\"https:\/\/portalv1.com.br\/app\/wp-content\/uploads\/2015\/04\/valenca-300x229.jpg\" alt=\"valen\u00e7a\" width=\"300\" height=\"229\" srcset=\"https:\/\/portalv1.com.br\/app\/wp-content\/uploads\/2015\/04\/valenca-300x229.jpg 300w, https:\/\/portalv1.com.br\/app\/wp-content\/uploads\/2015\/04\/valenca.jpg 600w\" sizes=\"auto, (max-width: 300px) 100vw, 300px\" \/><\/a>A cidade de Valen\u00e7a do Piau\u00ed, que fica a 216 km ao Sul de Teresina, dever\u00e1 passar por elei\u00e7\u00f5es suplementares em junho, ap\u00f3s a cassa\u00e7\u00e3o do prefeito Walfredo Filho (PSB) e da vice, Paula Jeane (PRB), acusados de abuso do poder econ\u00f4mico, de pr\u00e1tica de caixa dois, irregularidade nas presta\u00e7\u00f5es de contas e oculta\u00e7\u00e3o de receita nas elei\u00e7\u00f5es 2012.<\/p>\n<p>Ap\u00f3s ser cassado em primeira inst\u00e2ncia pela ju\u00edza eleitoral da 18\u00aa Zona Eleitoral de Valen\u00e7a Dr. Keylla Ranyere Lopes Teixeira Proc\u00f3pio, o prefeito Walfredo Filho recorreu junto ao Tribunal Regional Eleitoral do Piau\u00ed (TRE-PI), por diversas vezes, mas todas sem sucesso.<\/p>\n<p>O gestor tenta agora uma \u00faltima cartada junto ao Tribunal Superior Eleitoral (TSE) para voltar ao cargo de prefeito, que hoje \u00e9 ocupado pelo presidente da C\u00e2mara, vereador Get\u00falio Gomes (PP).<\/p>\n<p><strong>TR\u00c2MITE PARA A NOVA ELEI\u00c7\u00c3O<\/strong><br \/>\nJ\u00e1 se encontra no TRE-PI um pedido para que a Corte Eleitoral aprove a Resolu\u00e7\u00e3o que vai reger a elei\u00e7\u00e3o no munic\u00edpio. Com a aprova\u00e7\u00e3o da Resolu\u00e7\u00e3o, abrem-se os prazos para a campanha eleitoral dos candidatos que v\u00e3o disputar o pleito suplementar. A campanha ocorre em ritmo acelerado at\u00e9 o dia da elei\u00e7\u00e3o.<\/p>\n<p><strong>QUEM DEVE CONCORRER<\/strong><br \/>\nO cen\u00e1rio pol\u00edtico de Valen\u00e7a neste momento aponta para tr\u00eas prov\u00e1veis candidatos nesta eventual elei\u00e7\u00e3o. O primeiro nome \u00e9 o do presidente da C\u00e2mara e atual prefeito Get\u00falio Gomes, do PP. Se for candidato, dever\u00e1 ter o apoio do prefeito cassado Walfredo Filho. O segundo nome \u00e9 de Rubens Alencar (PMDB), candidato derrotado nas elei\u00e7\u00f5es de 2012 e autor da a\u00e7\u00e3o que cassou Walfredo Filho. Um terceiro nome \u00e9 o da vereadora Ielva Mel\u00e3o (PPS), que foi presidente da C\u00e2mara e chegou a assumir a prefeitura por alguns dias. Ela ter\u00e1 o apoio do ex-prefeito Dr. Alc\u00e2ntara e do empresario Marcelo Costa.<\/p>\n<p>Fonte: 180graus<\/p>\n<p>&nbsp;<\/p>\n","protected":false},"excerpt":{"rendered":"<p>A cidade de Valen\u00e7a do Piau\u00ed, que fica a 216 km ao Sul de Teresina, dever\u00e1 passar por elei\u00e7\u00f5es suplementares em junho, ap\u00f3s a cassa\u00e7\u00e3o do prefeito Walfredo Filho (PSB)&#8230;<\/p>\n","protected":false},"author":1,"featured_media":0,"comment_status":"open","ping_status":"open","sticky":false,"template":"","format":"standard","meta":{"ngg_post_thumbnail":0,"footnotes":""},"categories":[12],"tags":[],"class_list":["post-20944","post","type-post","status-publish","format-standard","hentry","category-valenca-news"],"views":1287,"meta_data":{"thumb":"https:\/\/portalv1.com.br\/app\/wp-content\/uploads\/2015\/04\/valenca.jpg","data":{"simple":"16\/05\/2015","date_time":"16\/05\/2015 10:50:00","date":"h\u00e1 11 anos"},"chapeu":"TRE-PI","source":"slide"},"_links":{"self":[{"href":"https:\/\/portalv1.com.br\/api\/wp\/v2\/posts\/20944","targetHints":{"allow":["GET"]}}],"collection":[{"href":"https:\/\/portalv1.com.br\/api\/wp\/v2\/posts"}],"about":[{"href":"https:\/\/portalv1.com.br\/api\/wp\/v2\/types\/post"}],"author":[{"embeddable":true,"href":"https:\/\/portalv1.com.br\/api\/wp\/v2\/users\/1"}],"replies":[{"embeddable":true,"href":"https:\/\/portalv1.com.br\/api\/wp\/v2\/comments?post=20944"}],"version-history":[{"count":0,"href":"https:\/\/portalv1.com.br\/api\/wp\/v2\/posts\/20944\/revisions"}],"wp:attachment":[{"href":"https:\/\/portalv1.com.br\/api\/wp\/v2\/media?parent=20944"}],"wp:term":[{"taxonomy":"category","embeddable":true,"href":"https:\/\/portalv1.com.br\/api\/wp\/v2\/categories?post=20944"},{"taxonomy":"post_tag","embeddable":true,"href":"https:\/\/portalv1.com.br\/api\/wp\/v2\/tags?post=20944"}],"curies":[{"name":"wp","href":"https:\/\/api.w.org\/{rel}","templated":true}]}}