{"id":20952,"date":"2015-05-18T11:05:17","date_gmt":"2015-05-18T14:05:17","guid":{"rendered":"https:\/\/portalv1.com.br\/?p=20952"},"modified":"2015-05-20T01:07:04","modified_gmt":"2015-05-20T04:07:04","slug":"agentes-de-saude-e-de-endemias-de-novo-oriente-ameacam-entrar-em-greve","status":"publish","type":"post","link":"https:\/\/portalv1.com.br\/agentes-de-saude-e-de-endemias-de-novo-oriente-ameacam-entrar-em-greve\/","title":{"rendered":"Agentes de sa\u00fade e de endemias de Novo Oriente amea\u00e7am entrar em greve"},"content":{"rendered":"<figure id=\"attachment_17245\" aria-describedby=\"caption-attachment-17245\" style=\"width: 300px\" class=\"wp-caption alignright\"><a href=\"https:\/\/portalv1.com.br\/app\/wp-content\/uploads\/2013\/12\/novo-oriente.jpg\"><img loading=\"lazy\" decoding=\"async\" class=\"size-medium wp-image-17245\" src=\"https:\/\/portalv1.com.br\/app\/wp-content\/uploads\/2013\/12\/novo-oriente-300x225.jpg\" alt=\"Novo Oriente \" width=\"300\" height=\"225\" srcset=\"https:\/\/portalv1.com.br\/app\/wp-content\/uploads\/2013\/12\/novo-oriente-300x225.jpg 300w, https:\/\/portalv1.com.br\/app\/wp-content\/uploads\/2013\/12\/novo-oriente.jpg 640w\" sizes=\"auto, (max-width: 300px) 100vw, 300px\" \/><\/a><figcaption id=\"caption-attachment-17245\" class=\"wp-caption-text\">Novo Oriente<\/figcaption><\/figure>\n<p>Os agentes de sa\u00fade e de endemias de Novo Oriente poder\u00e3o entrar em greve a partir da pr\u00f3xima segunda-feira, 25 de maio. O problema segundo o sindicato estadual das duas categorias \u00e9 que a prefeitura municipal retirou dos contracheques dos agentes a insalubridade das duas categorias.<\/p>\n<p>De acordo com o presidente estadual Cruz Castro, a prefeitura est\u00e1 pagando o piso nacional que \u00e9 de R$ 1.014 reais, mais tirou a insalubridade de 20% dos agentes de sa\u00fade e de 40% dos agentes de endemias.<\/p>\n<p>Ainda segundo o presidente, as categorias iriam entrar em greve a partir desta segunda-feira (18), mais resolveram atender a solicita\u00e7\u00e3o do prefeito Marcos Vinicius para n\u00e3o tomarem nenhuma decis\u00e3o at\u00e9 conversarem com o mesmo, que s\u00f3 chega ao munic\u00edpio na sexta-feira.<\/p>\n<p>\u201cCaso a prefeitura insista em desobedecer \u00e0s leis iremos entrar em greve e denunciar ao Minist\u00e9rio do Trabalho\u201d disse o presidente estadual que confirmou a presen\u00e7a da diretoria do sindicato na reuni\u00e3o com o prefeito.<\/p>\n","protected":false},"excerpt":{"rendered":"<p>Os agentes de sa\u00fade e de endemias de Novo Oriente poder\u00e3o entrar em greve a partir da pr\u00f3xima segunda-feira, 25 de maio. O problema segundo o sindicato estadual das duas&#8230;<\/p>\n","protected":false},"author":1,"featured_media":0,"comment_status":"open","ping_status":"open","sticky":false,"template":"","format":"standard","meta":{"ngg_post_thumbnail":0,"footnotes":""},"categories":[12],"tags":[],"class_list":["post-20952","post","type-post","status-publish","format-standard","hentry","category-valenca-news"],"views":633,"meta_data":{"thumb":"https:\/\/portalv1.com.br\/app\/wp-content\/uploads\/2013\/12\/novo-oriente.jpg","data":{"simple":"18\/05\/2015","date_time":"18\/05\/2015 08:05:17","date":"h\u00e1 11 anos"},"chapeu":"Insalubridade ","source":"foto_menor"},"_links":{"self":[{"href":"https:\/\/portalv1.com.br\/api\/wp\/v2\/posts\/20952","targetHints":{"allow":["GET"]}}],"collection":[{"href":"https:\/\/portalv1.com.br\/api\/wp\/v2\/posts"}],"about":[{"href":"https:\/\/portalv1.com.br\/api\/wp\/v2\/types\/post"}],"author":[{"embeddable":true,"href":"https:\/\/portalv1.com.br\/api\/wp\/v2\/users\/1"}],"replies":[{"embeddable":true,"href":"https:\/\/portalv1.com.br\/api\/wp\/v2\/comments?post=20952"}],"version-history":[{"count":0,"href":"https:\/\/portalv1.com.br\/api\/wp\/v2\/posts\/20952\/revisions"}],"wp:attachment":[{"href":"https:\/\/portalv1.com.br\/api\/wp\/v2\/media?parent=20952"}],"wp:term":[{"taxonomy":"category","embeddable":true,"href":"https:\/\/portalv1.com.br\/api\/wp\/v2\/categories?post=20952"},{"taxonomy":"post_tag","embeddable":true,"href":"https:\/\/portalv1.com.br\/api\/wp\/v2\/tags?post=20952"}],"curies":[{"name":"wp","href":"https:\/\/api.w.org\/{rel}","templated":true}]}}