{"id":209595,"date":"2024-07-06T10:27:44","date_gmt":"2024-07-06T13:27:44","guid":{"rendered":"https:\/\/portalv1.com.br\/?p=209595"},"modified":"2024-07-06T10:30:36","modified_gmt":"2024-07-06T13:30:36","slug":"convencao-do-pp-e-mdb-sera-dia-28-de-julho-em-lagoa-do-sitio","status":"publish","type":"post","link":"https:\/\/portalv1.com.br\/convencao-do-pp-e-mdb-sera-dia-28-de-julho-em-lagoa-do-sitio\/","title":{"rendered":"Conven\u00e7\u00e3o do PP e MDB ser\u00e1 dia 28 de julho em Lagoa do Sitio"},"content":{"rendered":"<p>O prefeito S\u00e1vio Moura de Lagoa do Sitio e o vice-prefeito Isauri Moura ser\u00e3o oficializados como candidatos a reelei\u00e7\u00e3o no pr\u00f3ximo dia 28 de julho.<\/p>\n<p>Os partidos Progressistas e Movimento Democr\u00e1tico Brasileiro que d\u00e3o sustenta\u00e7\u00e3o a pr\u00e9-campanha confirmaram que a conven\u00e7\u00e3o que escolher\u00e1 seus candidatos ser\u00e1 no domingo, dia 28 a partir das 17h30 no espa\u00e7o onde funcionava a Fura\u00e7\u00e3o 2000.<\/p>\n<p>Na oportunidade, os convencionais definir\u00e3o os candidatos a vereadores, vice-prefeito e prefeito para as elei\u00e7\u00f5es municipais marcadas para o dia 6 de outubro. <a href=\"https:\/\/portalv1.com.br\/app\/wp-content\/uploads\/2024\/07\/WhatsApp-Image-2024-07-06-at-02.19.42.jpeg\"><img loading=\"lazy\" decoding=\"async\" class=\"aligncenter size-full wp-image-209597\" src=\"https:\/\/portalv1.com.br\/app\/wp-content\/uploads\/2024\/07\/WhatsApp-Image-2024-07-06-at-02.19.42.jpeg\" alt=\"\" width=\"900\" height=\"1600\" srcset=\"https:\/\/portalv1.com.br\/app\/wp-content\/uploads\/2024\/07\/WhatsApp-Image-2024-07-06-at-02.19.42.jpeg 900w, https:\/\/portalv1.com.br\/app\/wp-content\/uploads\/2024\/07\/WhatsApp-Image-2024-07-06-at-02.19.42-300x533.jpeg 300w, https:\/\/portalv1.com.br\/app\/wp-content\/uploads\/2024\/07\/WhatsApp-Image-2024-07-06-at-02.19.42-640x1138.jpeg 640w, https:\/\/portalv1.com.br\/app\/wp-content\/uploads\/2024\/07\/WhatsApp-Image-2024-07-06-at-02.19.42-768x1365.jpeg 768w, https:\/\/portalv1.com.br\/app\/wp-content\/uploads\/2024\/07\/WhatsApp-Image-2024-07-06-at-02.19.42-864x1536.jpeg 864w\" sizes=\"auto, (max-width: 900px) 100vw, 900px\" \/><\/a><a href=\"https:\/\/portalv1.com.br\/app\/wp-content\/uploads\/2024\/07\/IMG_6197-Copy-Copy.jpg\"><img loading=\"lazy\" decoding=\"async\" class=\"aligncenter size-full wp-image-209596\" src=\"https:\/\/portalv1.com.br\/app\/wp-content\/uploads\/2024\/07\/IMG_6197-Copy-Copy.jpg\" alt=\"\" width=\"1800\" height=\"1013\" srcset=\"https:\/\/portalv1.com.br\/app\/wp-content\/uploads\/2024\/07\/IMG_6197-Copy-Copy.jpg 1800w, https:\/\/portalv1.com.br\/app\/wp-content\/uploads\/2024\/07\/IMG_6197-Copy-Copy-300x169.jpg 300w, https:\/\/portalv1.com.br\/app\/wp-content\/uploads\/2024\/07\/IMG_6197-Copy-Copy-640x360.jpg 640w, https:\/\/portalv1.com.br\/app\/wp-content\/uploads\/2024\/07\/IMG_6197-Copy-Copy-768x432.jpg 768w, https:\/\/portalv1.com.br\/app\/wp-content\/uploads\/2024\/07\/IMG_6197-Copy-Copy-1536x864.jpg 1536w\" sizes=\"auto, (max-width: 1800px) 100vw, 1800px\" \/><\/a><\/p>\n","protected":false},"excerpt":{"rendered":"<p>O prefeito S\u00e1vio Moura de Lagoa do Sitio e o vice-prefeito Isauri Moura ser\u00e3o oficializados como candidatos a reelei\u00e7\u00e3o no pr\u00f3ximo dia 28 de julho. Os partidos Progressistas e Movimento&#8230;<\/p>\n","protected":false},"author":1,"featured_media":209598,"comment_status":"open","ping_status":"open","sticky":false,"template":"","format":"standard","meta":{"ngg_post_thumbnail":0,"footnotes":""},"categories":[243],"tags":[],"class_list":["post-209595","post","type-post","status-publish","format-standard","has-post-thumbnail","hentry","category-geral"],"views":274,"meta_data":{"thumb":"https:\/\/portalv1.com.br\/app\/wp-content\/uploads\/2024\/07\/savio.jpg","imagem":{"fullsize":{"url":"https:\/\/portalv1.com.br\/app\/wp-content\/uploads\/2024\/07\/savio.jpg","width":1280,"height":720},"medium":{"url":"https:\/\/portalv1.com.br\/app\/wp-content\/uploads\/2024\/07\/savio-300x169.jpg","width":300,"height":169},"large":{"url":"https:\/\/portalv1.com.br\/app\/wp-content\/uploads\/2024\/07\/savio-640x360.jpg","width":640,"height":360},"thumbnail":{"url":"https:\/\/portalv1.com.br\/app\/wp-content\/uploads\/2024\/07\/savio-100x100.jpg","width":100,"height":100},"medium_large":{"url":"https:\/\/portalv1.com.br\/app\/wp-content\/uploads\/2024\/07\/savio-768x432.jpg","width":768,"height":432}},"data":{"simple":"06\/07\/2024","date_time":"06\/07\/2024 07:27:44","date":"h\u00e1 2 anos"},"chapeu":"Elei\u00e7\u00f5es 2024","source":"slide"},"_links":{"self":[{"href":"https:\/\/portalv1.com.br\/api\/wp\/v2\/posts\/209595","targetHints":{"allow":["GET"]}}],"collection":[{"href":"https:\/\/portalv1.com.br\/api\/wp\/v2\/posts"}],"about":[{"href":"https:\/\/portalv1.com.br\/api\/wp\/v2\/types\/post"}],"author":[{"embeddable":true,"href":"https:\/\/portalv1.com.br\/api\/wp\/v2\/users\/1"}],"replies":[{"embeddable":true,"href":"https:\/\/portalv1.com.br\/api\/wp\/v2\/comments?post=209595"}],"version-history":[{"count":0,"href":"https:\/\/portalv1.com.br\/api\/wp\/v2\/posts\/209595\/revisions"}],"wp:featuredmedia":[{"embeddable":true,"href":"https:\/\/portalv1.com.br\/api\/wp\/v2\/media\/209598"}],"wp:attachment":[{"href":"https:\/\/portalv1.com.br\/api\/wp\/v2\/media?parent=209595"}],"wp:term":[{"taxonomy":"category","embeddable":true,"href":"https:\/\/portalv1.com.br\/api\/wp\/v2\/categories?post=209595"},{"taxonomy":"post_tag","embeddable":true,"href":"https:\/\/portalv1.com.br\/api\/wp\/v2\/tags?post=209595"}],"curies":[{"name":"wp","href":"https:\/\/api.w.org\/{rel}","templated":true}]}}