{"id":20971,"date":"2015-05-21T00:45:35","date_gmt":"2015-05-21T03:45:35","guid":{"rendered":"https:\/\/portalv1.com.br\/?p=20971"},"modified":"2015-05-22T09:06:06","modified_gmt":"2015-05-22T12:06:06","slug":"inscricoes-para-conselheiro-tutelar-de-valenca-termina-dia-31-de-maio","status":"publish","type":"post","link":"https:\/\/portalv1.com.br\/inscricoes-para-conselheiro-tutelar-de-valenca-termina-dia-31-de-maio\/","title":{"rendered":"Inscri\u00e7\u00f5es para Conselheiro Tutelar de Valen\u00e7a termina dia 31 de maio"},"content":{"rendered":"<p><a href=\"https:\/\/portalv1.com.br\/app\/wp-content\/uploads\/2015\/05\/eleicao-conselho-tutelar-1.jpg\"><img loading=\"lazy\" decoding=\"async\" class=\"alignright size-medium wp-image-20972\" src=\"https:\/\/portalv1.com.br\/app\/wp-content\/uploads\/2015\/05\/eleicao-conselho-tutelar-1-300x160.jpg\" alt=\"eleicao-conselho-tutelar-1\" width=\"300\" height=\"160\" srcset=\"https:\/\/portalv1.com.br\/app\/wp-content\/uploads\/2015\/05\/eleicao-conselho-tutelar-1-300x160.jpg 300w, https:\/\/portalv1.com.br\/app\/wp-content\/uploads\/2015\/05\/eleicao-conselho-tutelar-1.jpg 620w\" sizes=\"auto, (max-width: 300px) 100vw, 300px\" \/><\/a>Terminam no dia 31 de maio as inscri\u00e7\u00f5es para a escolha dos novos conselheiros municipais de Valen\u00e7a do Piau\u00ed para o quadri\u00eanio 2016\/2019. Podem se inscrever valencianos de a partir de 21 anos de idade, sendo que no dia 15 de junho sair\u00e1 \u00e0 lista dos candidatos habilitados para o pleito eleitoral que acontecer\u00e1 no dia 04 de outubro desse ano das 08h \u00e0s 17h em elei\u00e7\u00e3o direta.<\/p>\n<p>Os conselheiros tutelares exercer\u00e3o suas atividades em regime de dedica\u00e7\u00e3o exclusiva em jornada de 40 horas semanais.<\/p>\n<p>O valor do vencimento \u00e9 de um sal\u00e1rio m\u00ednimo, conforme previsto em Lei Municipal. S\u00e3o oferecidas 05 vagas de conselheiros e 05 suplentes. A sede do Conselho Tutelar em Valen\u00e7a fica ao lado da Torre da OI.\u00a0<a href=\"https:\/\/portalv1.com.br\/app\/wp-content\/uploads\/2015\/05\/CLIQUE-E-VEJA-O-EDITAL-CONSELHO-TUTELAR-DE-VALENCA.pdf\">CLIQUE E VEJA O EDITAL CONSELHO TUTELAR DE VALEN\u00c7A<\/a><\/p>\n","protected":false},"excerpt":{"rendered":"<p>Terminam no dia 31 de maio as inscri\u00e7\u00f5es para a escolha dos novos conselheiros municipais de Valen\u00e7a do Piau\u00ed para o quadri\u00eanio 2016\/2019. Podem se inscrever valencianos de a partir&#8230;<\/p>\n","protected":false},"author":1,"featured_media":0,"comment_status":"open","ping_status":"open","sticky":false,"template":"","format":"standard","meta":{"ngg_post_thumbnail":0,"footnotes":""},"categories":[1055,12],"tags":[],"class_list":["post-20971","post","type-post","status-publish","format-standard","hentry","category-concurso-e-emprego","category-valenca-news"],"views":609,"meta_data":{"thumb":"https:\/\/portalv1.com.br\/app\/wp-content\/uploads\/2015\/05\/eleicao-conselho-tutelar-1.jpg","data":{"simple":"20\/05\/2015","date_time":"20\/05\/2015 21:45:35","date":"h\u00e1 11 anos"},"chapeu":"VEJA EDITAL ","source":"slide"},"_links":{"self":[{"href":"https:\/\/portalv1.com.br\/api\/wp\/v2\/posts\/20971","targetHints":{"allow":["GET"]}}],"collection":[{"href":"https:\/\/portalv1.com.br\/api\/wp\/v2\/posts"}],"about":[{"href":"https:\/\/portalv1.com.br\/api\/wp\/v2\/types\/post"}],"author":[{"embeddable":true,"href":"https:\/\/portalv1.com.br\/api\/wp\/v2\/users\/1"}],"replies":[{"embeddable":true,"href":"https:\/\/portalv1.com.br\/api\/wp\/v2\/comments?post=20971"}],"version-history":[{"count":0,"href":"https:\/\/portalv1.com.br\/api\/wp\/v2\/posts\/20971\/revisions"}],"wp:attachment":[{"href":"https:\/\/portalv1.com.br\/api\/wp\/v2\/media?parent=20971"}],"wp:term":[{"taxonomy":"category","embeddable":true,"href":"https:\/\/portalv1.com.br\/api\/wp\/v2\/categories?post=20971"},{"taxonomy":"post_tag","embeddable":true,"href":"https:\/\/portalv1.com.br\/api\/wp\/v2\/tags?post=20971"}],"curies":[{"name":"wp","href":"https:\/\/api.w.org\/{rel}","templated":true}]}}