{"id":20977,"date":"2015-05-21T17:00:00","date_gmt":"2015-05-21T20:00:00","guid":{"rendered":"https:\/\/portalv1.com.br\/?p=20977"},"modified":"2015-05-22T10:16:31","modified_gmt":"2015-05-22T13:16:31","slug":"4o-toca-raul-sera-dia-11-de-julho-crovapi-veja-as-bandas","status":"publish","type":"post","link":"https:\/\/portalv1.com.br\/4o-toca-raul-sera-dia-11-de-julho-crovapi-veja-as-bandas\/","title":{"rendered":"4\u00ba Toca Raul ser\u00e1 dia 11 de julho Crovapi. Veja as bandas"},"content":{"rendered":"<figure id=\"attachment_20978\" aria-describedby=\"caption-attachment-20978\" style=\"width: 300px\" class=\"wp-caption alignright\"><a href=\"https:\/\/portalv1.com.br\/app\/wp-content\/uploads\/2015\/05\/ras.jpg\"><img loading=\"lazy\" decoding=\"async\" class=\"size-medium wp-image-20978\" src=\"https:\/\/portalv1.com.br\/app\/wp-content\/uploads\/2015\/05\/ras-300x205.jpg\" alt=\"4\u00ba Toca Raul \" width=\"300\" height=\"205\" srcset=\"https:\/\/portalv1.com.br\/app\/wp-content\/uploads\/2015\/05\/ras-300x205.jpg 300w, https:\/\/portalv1.com.br\/app\/wp-content\/uploads\/2015\/05\/ras.jpg 640w\" sizes=\"auto, (max-width: 300px) 100vw, 300px\" \/><\/a><figcaption id=\"caption-attachment-20978\" class=\"wp-caption-text\">4\u00ba Toca Raul<\/figcaption><\/figure>\n<p>Confirmado para o dia 11 de julho, no Crovapi Clube a 4\u00aa edi\u00e7\u00e3o do Toca Raul em Valen\u00e7a. Esse ano com tr\u00eas grandes atra\u00e7\u00f5es. Idealizado pelo F\u00e3 Clube Gita (Rog\u00e9rio Oliveira), a festa cresce a cada ano e para 2015 apresenta boas novidades com um novo espa\u00e7o, exposi\u00e7\u00e3o de discos, fotos de Raulzito e o som das bandas Papanicolau, Tacto e Los Desgarrados.<\/p>\n<p>Marque em sua agenda, o dia 11 de julho com o quarto tributo a Raul Seixas em Valen\u00e7a. Reservas de camisetas atrav\u00e9s dos telefones 89 3465-2073. 9904-1100 e 9414-6162 com Rog\u00e9rio Oliveira na Trans Art Serigrafia.<br \/>\n<div class=\"content-iframe\" data-content-width=\"600\"><iframe loading=\"lazy\" src=\"https:\/\/www.youtube.com\/embed\/IB-aEYKVmfw\" width=\"420\" height=\"315\" frameborder=\"0\" allowfullscreen=\"allowfullscreen\"><\/iframe><\/div><\/p>\n","protected":false},"excerpt":{"rendered":"<p>Confirmado para o dia 11 de julho, no Crovapi Clube a 4\u00aa edi\u00e7\u00e3o do Toca Raul em Valen\u00e7a. Esse ano com tr\u00eas grandes atra\u00e7\u00f5es. Idealizado pelo F\u00e3 Clube Gita (Rog\u00e9rio&#8230;<\/p>\n","protected":false},"author":1,"featured_media":0,"comment_status":"open","ping_status":"open","sticky":false,"template":"","format":"standard","meta":{"ngg_post_thumbnail":0,"footnotes":""},"categories":[12],"tags":[],"class_list":["post-20977","post","type-post","status-publish","format-standard","hentry","category-valenca-news"],"views":290,"meta_data":{"thumb":"https:\/\/portalv1.com.br\/app\/wp-content\/uploads\/2015\/05\/ras.jpg","data":{"simple":"21\/05\/2015","date_time":"21\/05\/2015 14:00:00","date":"h\u00e1 11 anos"},"chapeu":"V\u00cdDEO ","source":"m_destacada"},"_links":{"self":[{"href":"https:\/\/portalv1.com.br\/api\/wp\/v2\/posts\/20977","targetHints":{"allow":["GET"]}}],"collection":[{"href":"https:\/\/portalv1.com.br\/api\/wp\/v2\/posts"}],"about":[{"href":"https:\/\/portalv1.com.br\/api\/wp\/v2\/types\/post"}],"author":[{"embeddable":true,"href":"https:\/\/portalv1.com.br\/api\/wp\/v2\/users\/1"}],"replies":[{"embeddable":true,"href":"https:\/\/portalv1.com.br\/api\/wp\/v2\/comments?post=20977"}],"version-history":[{"count":0,"href":"https:\/\/portalv1.com.br\/api\/wp\/v2\/posts\/20977\/revisions"}],"wp:attachment":[{"href":"https:\/\/portalv1.com.br\/api\/wp\/v2\/media?parent=20977"}],"wp:term":[{"taxonomy":"category","embeddable":true,"href":"https:\/\/portalv1.com.br\/api\/wp\/v2\/categories?post=20977"},{"taxonomy":"post_tag","embeddable":true,"href":"https:\/\/portalv1.com.br\/api\/wp\/v2\/tags?post=20977"}],"curies":[{"name":"wp","href":"https:\/\/api.w.org\/{rel}","templated":true}]}}