{"id":209776,"date":"2024-07-08T10:32:32","date_gmt":"2024-07-08T13:32:32","guid":{"rendered":"https:\/\/portalv1.com.br\/?p=209776"},"modified":"2024-07-08T10:32:32","modified_gmt":"2024-07-08T13:32:32","slug":"ordenacao-sacerdotal-do-valenciano-walef-conrado-ja-e-nesta-quarta-feira-saiba-detalhes","status":"publish","type":"post","link":"https:\/\/portalv1.com.br\/ordenacao-sacerdotal-do-valenciano-walef-conrado-ja-e-nesta-quarta-feira-saiba-detalhes\/","title":{"rendered":"Ordena\u00e7\u00e3o Sacerdotal do valenciano Walef Conrado j\u00e1 \u00e9 nesta quarta-feira; saiba detalhes"},"content":{"rendered":"<p>A Ordena\u00e7\u00e3o Presbiteral do valenciano Walef Conrado acontece nesta quarta-feira, 10 de julho, \u00e0s 19h na igreja matriz de Nossa Senhora do \u00d3 e Concei\u00e7\u00e3o. Antes do grande dia chegar, o jovem Di\u00e1cono Walef Conrado juntamente com a comunidade valenciana vive rito de prepara\u00e7\u00e3o para ordena\u00e7\u00e3o.<\/p>\n<p>O tr\u00edduo em prepara\u00e7\u00e3o para a ordena\u00e7\u00e3o sacerdotal teve in\u00edcio neste domingo (07), com Adora\u00e7\u00e3o ao Sant\u00edssimo. O momento foi realizado na capela de Nossa Senhora do Carmo que se encontra festejando o noven\u00e1rio em honra a padroeira.<\/p>\n<p>Nesta segunda-feira acontecer\u00e1 o ter\u00e7o vocacionado e na ter\u00e7a-feira (09), o di\u00e1cono realiza a celebra\u00e7\u00e3o vocacional. Os tr\u00eas momentos est\u00e3o sendo realizados na capela de Nossa Senhora do Carmo.<\/p>\n<p>A cerim\u00f4nia de Ordena\u00e7\u00e3o Presbiteral ser\u00e1 presidida pelo Arcebispo Metropolitano de Teresina, Dom Juarez e contar\u00e1 com a presen\u00e7a de muitos membros do clero, seminaristas, familiares, amigos e comunidade cat\u00f3lica valenciana.<a href=\"https:\/\/portalv1.com.br\/app\/wp-content\/uploads\/2024\/07\/Walef.jpeg\"><img loading=\"lazy\" decoding=\"async\" class=\"aligncenter size-full wp-image-209777\" src=\"https:\/\/portalv1.com.br\/app\/wp-content\/uploads\/2024\/07\/Walef.jpeg\" alt=\"\" width=\"1080\" height=\"1080\" srcset=\"https:\/\/portalv1.com.br\/app\/wp-content\/uploads\/2024\/07\/Walef.jpeg 1080w, https:\/\/portalv1.com.br\/app\/wp-content\/uploads\/2024\/07\/Walef-300x300.jpeg 300w, https:\/\/portalv1.com.br\/app\/wp-content\/uploads\/2024\/07\/Walef-640x640.jpeg 640w, https:\/\/portalv1.com.br\/app\/wp-content\/uploads\/2024\/07\/Walef-100x100.jpeg 100w, https:\/\/portalv1.com.br\/app\/wp-content\/uploads\/2024\/07\/Walef-768x768.jpeg 768w\" sizes=\"auto, (max-width: 1080px) 100vw, 1080px\" \/><\/a><\/p>\n","protected":false},"excerpt":{"rendered":"<p>A Ordena\u00e7\u00e3o Presbiteral do valenciano Walef Conrado acontece nesta quarta-feira, 10 de julho, \u00e0s 19h na igreja matriz de Nossa Senhora do \u00d3 e Concei\u00e7\u00e3o. Antes do grande dia chegar,&#8230;<\/p>\n","protected":false},"author":1,"featured_media":209778,"comment_status":"open","ping_status":"open","sticky":false,"template":"","format":"standard","meta":{"ngg_post_thumbnail":0,"footnotes":""},"categories":[243],"tags":[],"class_list":["post-209776","post","type-post","status-publish","format-standard","has-post-thumbnail","hentry","category-geral"],"views":769,"meta_data":{"thumb":"https:\/\/portalv1.com.br\/app\/wp-content\/uploads\/2024\/07\/image00132-Copy.jpg","imagem":{"fullsize":{"url":"https:\/\/portalv1.com.br\/app\/wp-content\/uploads\/2024\/07\/image00132-Copy.jpg","width":1620,"height":1080},"medium":{"url":"https:\/\/portalv1.com.br\/app\/wp-content\/uploads\/2024\/07\/image00132-Copy-300x200.jpg","width":300,"height":200},"large":{"url":"https:\/\/portalv1.com.br\/app\/wp-content\/uploads\/2024\/07\/image00132-Copy-640x427.jpg","width":640,"height":427},"thumbnail":{"url":"https:\/\/portalv1.com.br\/app\/wp-content\/uploads\/2024\/07\/image00132-Copy-100x100.jpg","width":100,"height":100},"medium_large":{"url":"https:\/\/portalv1.com.br\/app\/wp-content\/uploads\/2024\/07\/image00132-Copy-768x512.jpg","width":768,"height":512},"1536x1536":{"url":"https:\/\/portalv1.com.br\/app\/wp-content\/uploads\/2024\/07\/image00132-Copy-1536x1024.jpg","width":1536,"height":1024}},"data":{"simple":"08\/07\/2024","date_time":"08\/07\/2024 07:32:32","date":"h\u00e1 2 anos"},"chapeu":"Novo padre ","source":"slide"},"_links":{"self":[{"href":"https:\/\/portalv1.com.br\/api\/wp\/v2\/posts\/209776","targetHints":{"allow":["GET"]}}],"collection":[{"href":"https:\/\/portalv1.com.br\/api\/wp\/v2\/posts"}],"about":[{"href":"https:\/\/portalv1.com.br\/api\/wp\/v2\/types\/post"}],"author":[{"embeddable":true,"href":"https:\/\/portalv1.com.br\/api\/wp\/v2\/users\/1"}],"replies":[{"embeddable":true,"href":"https:\/\/portalv1.com.br\/api\/wp\/v2\/comments?post=209776"}],"version-history":[{"count":0,"href":"https:\/\/portalv1.com.br\/api\/wp\/v2\/posts\/209776\/revisions"}],"wp:featuredmedia":[{"embeddable":true,"href":"https:\/\/portalv1.com.br\/api\/wp\/v2\/media\/209778"}],"wp:attachment":[{"href":"https:\/\/portalv1.com.br\/api\/wp\/v2\/media?parent=209776"}],"wp:term":[{"taxonomy":"category","embeddable":true,"href":"https:\/\/portalv1.com.br\/api\/wp\/v2\/categories?post=209776"},{"taxonomy":"post_tag","embeddable":true,"href":"https:\/\/portalv1.com.br\/api\/wp\/v2\/tags?post=209776"}],"curies":[{"name":"wp","href":"https:\/\/api.w.org\/{rel}","templated":true}]}}