{"id":210105,"date":"2024-07-12T11:46:27","date_gmt":"2024-07-12T14:46:27","guid":{"rendered":"https:\/\/portalv1.com.br\/?p=210105"},"modified":"2024-07-12T11:46:27","modified_gmt":"2024-07-12T14:46:27","slug":"paroquia-de-valenca-celebra-ordenacao-sacerdotal-do-valenciano-walef-conrado","status":"publish","type":"post","link":"https:\/\/portalv1.com.br\/paroquia-de-valenca-celebra-ordenacao-sacerdotal-do-valenciano-walef-conrado\/","title":{"rendered":"Par\u00f3quia de Valen\u00e7a celebra Ordena\u00e7\u00e3o Sacerdotal do valenciano Walef Conrado"},"content":{"rendered":"<p>A Par\u00f3quia de Nossa Senhora do \u00d3 e Concei\u00e7\u00e3o celebrou nesta quarta-feira, 10 de julho, a ordena\u00e7\u00e3o de mais um sacerdote enviado pela par\u00f3quia. O novo Padre \u00e9 o valenciano Walef Conrado, que recebeu o segundo grau do sacramento da Ordem, pela imposi\u00e7\u00e3o das m\u00e3os de Dom Juarez Marques.<\/p>\n<p>A cerim\u00f4nia de ordena\u00e7\u00e3o aconteceu na Igreja Matriz Nossa Senhora do \u00d3 e Concei\u00e7\u00e3o e contou com a presen\u00e7a de membros do clero arquidiocesano, seminaristas e familiares do sacerdote.<\/p>\n<p>Com o apoio da fam\u00edlia em toda sua caminhada, os pais Jo\u00e3o de Deus Lima e Francisca da Cruz Pereira juntamente com o irm\u00e3o Emerson Conrado, estiveram presentes no grande dia em que o agora padre entregou sua vida \u00e0 miss\u00e3o de Deus.<\/p>\n<p>Para Dom Juarez Marques, o momento \u00e9 muito importante para a Igreja de Teresina, pois mais um homem se configura a Cristo para o servi\u00e7o de Deus. \u201cA voca\u00e7\u00e3o \u00e9 um dom, e a pessoa que recebe este dom, e diz sim, \u00e9 consagrada, mas a gra\u00e7a \u00e9 de todo o povo que \u00e9 beneficiado por este minist\u00e9rio que \u00e9 de servi\u00e7o e amor. Que Deus aben\u00e7oe este novo sacerdote para que exer\u00e7a o seu minist\u00e9rio com sabedoria\u201d, declarou.<\/p>\n<p>Emocionado com o momento, Padre Walef fala do sentimento vivido por ele. &#8220;O cora\u00e7\u00e3o est\u00e1 transbordando de alegria, \u00e9 um sentimento que n\u00e3o cabe no meu cora\u00e7\u00e3o, estou imensamente grato por tudo que estou vivendo e a partir de agora viver ainda mais no minist\u00e9rio sacerdotal&#8221;, disse o jovem sacerdote que j\u00e1 volta o olhar para sua caminhada a partir de agora.<\/p>\n<p>&#8220;Agora \u00e9 olhar para frente, para onde eu estou indo agora na miss\u00e3o que \u00e9 retornar a uni\u00e3o como vig\u00e1rio paroquial daquela amada par\u00f3quia&#8221;, afirmou Padre Walef Conrado que atuar\u00e1 como vig\u00e1rio paroquial da Par\u00f3quia Nossa Senhora dos Rem\u00e9dios, na cidade de Uni\u00e3o, onde o mesmo estava enquanto di\u00e1cono provis\u00f3rio.<\/p>\n<div class=\"ngg-galleryoverview\" id=\"1\">\n                    <div data-widget=\"Galeria\" data-props=\"{&quot;galeria&quot;:{&quot;max_page&quot;:2,&quot;total&quot;:22,&quot;gallery_id&quot;:1,&quot;images&quot;:[{&quot;thumbcode&quot;:&quot;https:\\\/\\\/portalv1.com.br\\\/app\\\/wp-content\\\/uploads\\\/2024\\\/07\\\/MG_0006-Copy-400x250.jpg&quot;,&quot;imageURL&quot;:&quot;https:\\\/\\\/portalv1.com.br\\\/app\\\/wp-content\\\/uploads\\\/2024\\\/07\\\/MG_0006-Copy.jpg&quot;,&quot;pid&quot;:210106,&quot;galleryid&quot;:1,&quot;description&quot;:&quot;&quot;,&quot;alttext&quot;:&quot;Par\\u00f3quia de Valen\\u00e7a celebra Ordena\\u00e7\\u00e3o Sacerdotal do valenciano Walef Conrado&quot;,&quot;thumbnailURL&quot;:&quot;https:\\\/\\\/portalv1.com.br\\\/app\\\/wp-content\\\/uploads\\\/2024\\\/07\\\/MG_0006-Copy-400x250.jpg&quot;,&quot;style&quot;:&quot;&quot;},{&quot;thumbcode&quot;:&quot;https:\\\/\\\/portalv1.com.br\\\/app\\\/wp-content\\\/uploads\\\/2024\\\/07\\\/MG_0011-Copy-400x250.jpg&quot;,&quot;imageURL&quot;:&quot;https:\\\/\\\/portalv1.com.br\\\/app\\\/wp-content\\\/uploads\\\/2024\\\/07\\\/MG_0011-Copy.jpg&quot;,&quot;pid&quot;:210107,&quot;galleryid&quot;:1,&quot;description&quot;:&quot;&quot;,&quot;alttext&quot;:&quot;Par\\u00f3quia de Valen\\u00e7a celebra Ordena\\u00e7\\u00e3o Sacerdotal do valenciano Walef Conrado&quot;,&quot;thumbnailURL&quot;:&quot;https:\\\/\\\/portalv1.com.br\\\/app\\\/wp-content\\\/uploads\\\/2024\\\/07\\\/MG_0011-Copy-400x250.jpg&quot;,&quot;style&quot;:&quot;&quot;},{&quot;thumbcode&quot;:&quot;https:\\\/\\\/portalv1.com.br\\\/app\\\/wp-content\\\/uploads\\\/2024\\\/07\\\/MG_0025-Copy-400x250.jpg&quot;,&quot;imageURL&quot;:&quot;https:\\\/\\\/portalv1.com.br\\\/app\\\/wp-content\\\/uploads\\\/2024\\\/07\\\/MG_0025-Copy.jpg&quot;,&quot;pid&quot;:210108,&quot;galleryid&quot;:1,&quot;description&quot;:&quot;&quot;,&quot;alttext&quot;:&quot;Par\\u00f3quia de Valen\\u00e7a celebra Ordena\\u00e7\\u00e3o Sacerdotal do valenciano Walef Conrado&quot;,&quot;thumbnailURL&quot;:&quot;https:\\\/\\\/portalv1.com.br\\\/app\\\/wp-content\\\/uploads\\\/2024\\\/07\\\/MG_0025-Copy-400x250.jpg&quot;,&quot;style&quot;:&quot;&quot;},{&quot;thumbcode&quot;:&quot;https:\\\/\\\/portalv1.com.br\\\/app\\\/wp-content\\\/uploads\\\/2024\\\/07\\\/MG_0029-Copy-400x250.jpg&quot;,&quot;imageURL&quot;:&quot;https:\\\/\\\/portalv1.com.br\\\/app\\\/wp-content\\\/uploads\\\/2024\\\/07\\\/MG_0029-Copy.jpg&quot;,&quot;pid&quot;:210109,&quot;galleryid&quot;:1,&quot;description&quot;:&quot;&quot;,&quot;alttext&quot;:&quot;Par\\u00f3quia de Valen\\u00e7a celebra Ordena\\u00e7\\u00e3o Sacerdotal do valenciano Walef Conrado&quot;,&quot;thumbnailURL&quot;:&quot;https:\\\/\\\/portalv1.com.br\\\/app\\\/wp-content\\\/uploads\\\/2024\\\/07\\\/MG_0029-Copy-400x250.jpg&quot;,&quot;style&quot;:&quot;&quot;},{&quot;thumbcode&quot;:&quot;https:\\\/\\\/portalv1.com.br\\\/app\\\/wp-content\\\/uploads\\\/2024\\\/07\\\/MG_0032-Copy-400x250.jpg&quot;,&quot;imageURL&quot;:&quot;https:\\\/\\\/portalv1.com.br\\\/app\\\/wp-content\\\/uploads\\\/2024\\\/07\\\/MG_0032-Copy.jpg&quot;,&quot;pid&quot;:210110,&quot;galleryid&quot;:1,&quot;description&quot;:&quot;&quot;,&quot;alttext&quot;:&quot;Par\\u00f3quia de Valen\\u00e7a celebra Ordena\\u00e7\\u00e3o Sacerdotal do valenciano Walef Conrado&quot;,&quot;thumbnailURL&quot;:&quot;https:\\\/\\\/portalv1.com.br\\\/app\\\/wp-content\\\/uploads\\\/2024\\\/07\\\/MG_0032-Copy-400x250.jpg&quot;,&quot;style&quot;:&quot;&quot;},{&quot;thumbcode&quot;:&quot;https:\\\/\\\/portalv1.com.br\\\/app\\\/wp-content\\\/uploads\\\/2024\\\/07\\\/MG_0055-Copy-400x250.jpg&quot;,&quot;imageURL&quot;:&quot;https:\\\/\\\/portalv1.com.br\\\/app\\\/wp-content\\\/uploads\\\/2024\\\/07\\\/MG_0055-Copy.jpg&quot;,&quot;pid&quot;:210111,&quot;galleryid&quot;:1,&quot;description&quot;:&quot;&quot;,&quot;alttext&quot;:&quot;Par\\u00f3quia de Valen\\u00e7a celebra Ordena\\u00e7\\u00e3o Sacerdotal do valenciano Walef Conrado&quot;,&quot;thumbnailURL&quot;:&quot;https:\\\/\\\/portalv1.com.br\\\/app\\\/wp-content\\\/uploads\\\/2024\\\/07\\\/MG_0055-Copy-400x250.jpg&quot;,&quot;style&quot;:&quot;&quot;},{&quot;thumbcode&quot;:&quot;https:\\\/\\\/portalv1.com.br\\\/app\\\/wp-content\\\/uploads\\\/2024\\\/07\\\/MG_0065-Copy-400x250.jpg&quot;,&quot;imageURL&quot;:&quot;https:\\\/\\\/portalv1.com.br\\\/app\\\/wp-content\\\/uploads\\\/2024\\\/07\\\/MG_0065-Copy.jpg&quot;,&quot;pid&quot;:210112,&quot;galleryid&quot;:1,&quot;description&quot;:&quot;&quot;,&quot;alttext&quot;:&quot;Par\\u00f3quia de Valen\\u00e7a celebra Ordena\\u00e7\\u00e3o Sacerdotal do valenciano Walef Conrado&quot;,&quot;thumbnailURL&quot;:&quot;https:\\\/\\\/portalv1.com.br\\\/app\\\/wp-content\\\/uploads\\\/2024\\\/07\\\/MG_0065-Copy-400x250.jpg&quot;,&quot;style&quot;:&quot;&quot;},{&quot;thumbcode&quot;:&quot;https:\\\/\\\/portalv1.com.br\\\/app\\\/wp-content\\\/uploads\\\/2024\\\/07\\\/MG_0092-Copy-400x250.jpg&quot;,&quot;imageURL&quot;:&quot;https:\\\/\\\/portalv1.com.br\\\/app\\\/wp-content\\\/uploads\\\/2024\\\/07\\\/MG_0092-Copy.jpg&quot;,&quot;pid&quot;:210113,&quot;galleryid&quot;:1,&quot;description&quot;:&quot;&quot;,&quot;alttext&quot;:&quot;Par\\u00f3quia de Valen\\u00e7a celebra Ordena\\u00e7\\u00e3o Sacerdotal do valenciano Walef Conrado&quot;,&quot;thumbnailURL&quot;:&quot;https:\\\/\\\/portalv1.com.br\\\/app\\\/wp-content\\\/uploads\\\/2024\\\/07\\\/MG_0092-Copy-400x250.jpg&quot;,&quot;style&quot;:&quot;&quot;},{&quot;thumbcode&quot;:&quot;https:\\\/\\\/portalv1.com.br\\\/app\\\/wp-content\\\/uploads\\\/2024\\\/07\\\/MG_0098-Copy-400x250.jpg&quot;,&quot;imageURL&quot;:&quot;https:\\\/\\\/portalv1.com.br\\\/app\\\/wp-content\\\/uploads\\\/2024\\\/07\\\/MG_0098-Copy.jpg&quot;,&quot;pid&quot;:210114,&quot;galleryid&quot;:1,&quot;description&quot;:&quot;&quot;,&quot;alttext&quot;:&quot;Par\\u00f3quia de Valen\\u00e7a celebra Ordena\\u00e7\\u00e3o Sacerdotal do valenciano Walef Conrado&quot;,&quot;thumbnailURL&quot;:&quot;https:\\\/\\\/portalv1.com.br\\\/app\\\/wp-content\\\/uploads\\\/2024\\\/07\\\/MG_0098-Copy-400x250.jpg&quot;,&quot;style&quot;:&quot;&quot;},{&quot;thumbcode&quot;:&quot;https:\\\/\\\/portalv1.com.br\\\/app\\\/wp-content\\\/uploads\\\/2024\\\/07\\\/MG_0108-Copy-400x250.jpg&quot;,&quot;imageURL&quot;:&quot;https:\\\/\\\/portalv1.com.br\\\/app\\\/wp-content\\\/uploads\\\/2024\\\/07\\\/MG_0108-Copy.jpg&quot;,&quot;pid&quot;:210115,&quot;galleryid&quot;:1,&quot;description&quot;:&quot;&quot;,&quot;alttext&quot;:&quot;Par\\u00f3quia de Valen\\u00e7a celebra Ordena\\u00e7\\u00e3o Sacerdotal do valenciano Walef Conrado&quot;,&quot;thumbnailURL&quot;:&quot;https:\\\/\\\/portalv1.com.br\\\/app\\\/wp-content\\\/uploads\\\/2024\\\/07\\\/MG_0108-Copy-400x250.jpg&quot;,&quot;style&quot;:&quot;&quot;},{&quot;thumbcode&quot;:&quot;https:\\\/\\\/portalv1.com.br\\\/app\\\/wp-content\\\/uploads\\\/2024\\\/07\\\/MG_0113-Copy-400x250.jpg&quot;,&quot;imageURL&quot;:&quot;https:\\\/\\\/portalv1.com.br\\\/app\\\/wp-content\\\/uploads\\\/2024\\\/07\\\/MG_0113-Copy.jpg&quot;,&quot;pid&quot;:210116,&quot;galleryid&quot;:1,&quot;description&quot;:&quot;&quot;,&quot;alttext&quot;:&quot;Par\\u00f3quia de Valen\\u00e7a celebra Ordena\\u00e7\\u00e3o Sacerdotal do valenciano Walef Conrado&quot;,&quot;thumbnailURL&quot;:&quot;https:\\\/\\\/portalv1.com.br\\\/app\\\/wp-content\\\/uploads\\\/2024\\\/07\\\/MG_0113-Copy-400x250.jpg&quot;,&quot;style&quot;:&quot;&quot;},{&quot;thumbcode&quot;:&quot;https:\\\/\\\/portalv1.com.br\\\/app\\\/wp-content\\\/uploads\\\/2024\\\/07\\\/MG_0120-Copy-400x250.jpg&quot;,&quot;imageURL&quot;:&quot;https:\\\/\\\/portalv1.com.br\\\/app\\\/wp-content\\\/uploads\\\/2024\\\/07\\\/MG_0120-Copy.jpg&quot;,&quot;pid&quot;:210117,&quot;galleryid&quot;:1,&quot;description&quot;:&quot;&quot;,&quot;alttext&quot;:&quot;Par\\u00f3quia de Valen\\u00e7a celebra Ordena\\u00e7\\u00e3o Sacerdotal do valenciano Walef Conrado&quot;,&quot;thumbnailURL&quot;:&quot;https:\\\/\\\/portalv1.com.br\\\/app\\\/wp-content\\\/uploads\\\/2024\\\/07\\\/MG_0120-Copy-400x250.jpg&quot;,&quot;style&quot;:&quot;&quot;},{&quot;thumbcode&quot;:&quot;https:\\\/\\\/portalv1.com.br\\\/app\\\/wp-content\\\/uploads\\\/2024\\\/07\\\/MG_0151-Copy-400x250.jpg&quot;,&quot;imageURL&quot;:&quot;https:\\\/\\\/portalv1.com.br\\\/app\\\/wp-content\\\/uploads\\\/2024\\\/07\\\/MG_0151-Copy.jpg&quot;,&quot;pid&quot;:210118,&quot;galleryid&quot;:1,&quot;description&quot;:&quot;&quot;,&quot;alttext&quot;:&quot;Par\\u00f3quia de Valen\\u00e7a celebra Ordena\\u00e7\\u00e3o Sacerdotal do valenciano Walef Conrado&quot;,&quot;thumbnailURL&quot;:&quot;https:\\\/\\\/portalv1.com.br\\\/app\\\/wp-content\\\/uploads\\\/2024\\\/07\\\/MG_0151-Copy-400x250.jpg&quot;,&quot;style&quot;:&quot;&quot;},{&quot;thumbcode&quot;:&quot;https:\\\/\\\/portalv1.com.br\\\/app\\\/wp-content\\\/uploads\\\/2024\\\/07\\\/MG_0160-Copy-400x250.jpg&quot;,&quot;imageURL&quot;:&quot;https:\\\/\\\/portalv1.com.br\\\/app\\\/wp-content\\\/uploads\\\/2024\\\/07\\\/MG_0160-Copy.jpg&quot;,&quot;pid&quot;:210119,&quot;galleryid&quot;:1,&quot;description&quot;:&quot;&quot;,&quot;alttext&quot;:&quot;Par\\u00f3quia de Valen\\u00e7a celebra Ordena\\u00e7\\u00e3o Sacerdotal do valenciano Walef Conrado&quot;,&quot;thumbnailURL&quot;:&quot;https:\\\/\\\/portalv1.com.br\\\/app\\\/wp-content\\\/uploads\\\/2024\\\/07\\\/MG_0160-Copy-400x250.jpg&quot;,&quot;style&quot;:&quot;&quot;},{&quot;thumbcode&quot;:&quot;https:\\\/\\\/portalv1.com.br\\\/app\\\/wp-content\\\/uploads\\\/2024\\\/07\\\/MG_0191-Copy-400x250.jpg&quot;,&quot;imageURL&quot;:&quot;https:\\\/\\\/portalv1.com.br\\\/app\\\/wp-content\\\/uploads\\\/2024\\\/07\\\/MG_0191-Copy.jpg&quot;,&quot;pid&quot;:210120,&quot;galleryid&quot;:1,&quot;description&quot;:&quot;&quot;,&quot;alttext&quot;:&quot;Par\\u00f3quia de Valen\\u00e7a celebra Ordena\\u00e7\\u00e3o Sacerdotal do valenciano Walef Conrado&quot;,&quot;thumbnailURL&quot;:&quot;https:\\\/\\\/portalv1.com.br\\\/app\\\/wp-content\\\/uploads\\\/2024\\\/07\\\/MG_0191-Copy-400x250.jpg&quot;,&quot;style&quot;:&quot;&quot;},{&quot;thumbcode&quot;:&quot;https:\\\/\\\/portalv1.com.br\\\/app\\\/wp-content\\\/uploads\\\/2024\\\/07\\\/MG_0210-Copy-400x250.jpg&quot;,&quot;imageURL&quot;:&quot;https:\\\/\\\/portalv1.com.br\\\/app\\\/wp-content\\\/uploads\\\/2024\\\/07\\\/MG_0210-Copy.jpg&quot;,&quot;pid&quot;:210121,&quot;galleryid&quot;:1,&quot;description&quot;:&quot;&quot;,&quot;alttext&quot;:&quot;Par\\u00f3quia de Valen\\u00e7a celebra Ordena\\u00e7\\u00e3o Sacerdotal do valenciano Walef Conrado&quot;,&quot;thumbnailURL&quot;:&quot;https:\\\/\\\/portalv1.com.br\\\/app\\\/wp-content\\\/uploads\\\/2024\\\/07\\\/MG_0210-Copy-400x250.jpg&quot;,&quot;style&quot;:&quot;&quot;},{&quot;thumbcode&quot;:&quot;https:\\\/\\\/portalv1.com.br\\\/app\\\/wp-content\\\/uploads\\\/2024\\\/07\\\/MG_0227-Copy-400x250.jpg&quot;,&quot;imageURL&quot;:&quot;https:\\\/\\\/portalv1.com.br\\\/app\\\/wp-content\\\/uploads\\\/2024\\\/07\\\/MG_0227-Copy.jpg&quot;,&quot;pid&quot;:210122,&quot;galleryid&quot;:1,&quot;description&quot;:&quot;&quot;,&quot;alttext&quot;:&quot;Par\\u00f3quia de Valen\\u00e7a celebra Ordena\\u00e7\\u00e3o Sacerdotal do valenciano Walef Conrado&quot;,&quot;thumbnailURL&quot;:&quot;https:\\\/\\\/portalv1.com.br\\\/app\\\/wp-content\\\/uploads\\\/2024\\\/07\\\/MG_0227-Copy-400x250.jpg&quot;,&quot;style&quot;:&quot;&quot;},{&quot;thumbcode&quot;:&quot;https:\\\/\\\/portalv1.com.br\\\/app\\\/wp-content\\\/uploads\\\/2024\\\/07\\\/MG_0238-Copy-400x250.jpg&quot;,&quot;imageURL&quot;:&quot;https:\\\/\\\/portalv1.com.br\\\/app\\\/wp-content\\\/uploads\\\/2024\\\/07\\\/MG_0238-Copy.jpg&quot;,&quot;pid&quot;:210123,&quot;galleryid&quot;:1,&quot;description&quot;:&quot;&quot;,&quot;alttext&quot;:&quot;Par\\u00f3quia de Valen\\u00e7a celebra Ordena\\u00e7\\u00e3o Sacerdotal do valenciano Walef Conrado&quot;,&quot;thumbnailURL&quot;:&quot;https:\\\/\\\/portalv1.com.br\\\/app\\\/wp-content\\\/uploads\\\/2024\\\/07\\\/MG_0238-Copy-400x250.jpg&quot;,&quot;style&quot;:&quot;&quot;},{&quot;thumbcode&quot;:&quot;https:\\\/\\\/portalv1.com.br\\\/app\\\/wp-content\\\/uploads\\\/2024\\\/07\\\/MG_0263-Copy-400x250.jpg&quot;,&quot;imageURL&quot;:&quot;https:\\\/\\\/portalv1.com.br\\\/app\\\/wp-content\\\/uploads\\\/2024\\\/07\\\/MG_0263-Copy.jpg&quot;,&quot;pid&quot;:210124,&quot;galleryid&quot;:1,&quot;description&quot;:&quot;&quot;,&quot;alttext&quot;:&quot;Par\\u00f3quia de Valen\\u00e7a celebra Ordena\\u00e7\\u00e3o Sacerdotal do valenciano Walef Conrado&quot;,&quot;thumbnailURL&quot;:&quot;https:\\\/\\\/portalv1.com.br\\\/app\\\/wp-content\\\/uploads\\\/2024\\\/07\\\/MG_0263-Copy-400x250.jpg&quot;,&quot;style&quot;:&quot;&quot;},{&quot;thumbcode&quot;:&quot;https:\\\/\\\/portalv1.com.br\\\/app\\\/wp-content\\\/uploads\\\/2024\\\/07\\\/IMG_0378-400x250.jpg&quot;,&quot;imageURL&quot;:&quot;https:\\\/\\\/portalv1.com.br\\\/app\\\/wp-content\\\/uploads\\\/2024\\\/07\\\/IMG_0378.jpg&quot;,&quot;pid&quot;:210125,&quot;galleryid&quot;:1,&quot;description&quot;:&quot;&quot;,&quot;alttext&quot;:&quot;Par\\u00f3quia de Valen\\u00e7a celebra Ordena\\u00e7\\u00e3o Sacerdotal do valenciano Walef Conrado&quot;,&quot;thumbnailURL&quot;:&quot;https:\\\/\\\/portalv1.com.br\\\/app\\\/wp-content\\\/uploads\\\/2024\\\/07\\\/IMG_0378-400x250.jpg&quot;,&quot;style&quot;:&quot;&quot;},{&quot;thumbcode&quot;:&quot;https:\\\/\\\/portalv1.com.br\\\/app\\\/wp-content\\\/uploads\\\/2024\\\/07\\\/WhatsApp-Image-2024-07-11-at-11.23.23-400x250.jpg&quot;,&quot;imageURL&quot;:&quot;https:\\\/\\\/portalv1.com.br\\\/app\\\/wp-content\\\/uploads\\\/2024\\\/07\\\/WhatsApp-Image-2024-07-11-at-11.23.23.jpg&quot;,&quot;pid&quot;:210126,&quot;galleryid&quot;:1,&quot;description&quot;:&quot;&quot;,&quot;alttext&quot;:&quot;Par\\u00f3quia de Valen\\u00e7a celebra Ordena\\u00e7\\u00e3o Sacerdotal do valenciano Walef Conrado&quot;,&quot;thumbnailURL&quot;:&quot;https:\\\/\\\/portalv1.com.br\\\/app\\\/wp-content\\\/uploads\\\/2024\\\/07\\\/WhatsApp-Image-2024-07-11-at-11.23.23-400x250.jpg&quot;,&quot;style&quot;:&quot;&quot;},{&quot;thumbcode&quot;:&quot;https:\\\/\\\/portalv1.com.br\\\/app\\\/wp-content\\\/uploads\\\/2024\\\/07\\\/WhatsApp-Image-2024-07-11-at-11.23.24-3-400x250.jpg&quot;,&quot;imageURL&quot;:&quot;https:\\\/\\\/portalv1.com.br\\\/app\\\/wp-content\\\/uploads\\\/2024\\\/07\\\/WhatsApp-Image-2024-07-11-at-11.23.24-3.jpg&quot;,&quot;pid&quot;:210127,&quot;galleryid&quot;:1,&quot;description&quot;:&quot;&quot;,&quot;alttext&quot;:&quot;Par\\u00f3quia de Valen\\u00e7a celebra Ordena\\u00e7\\u00e3o Sacerdotal do valenciano Walef Conrado&quot;,&quot;thumbnailURL&quot;:&quot;https:\\\/\\\/portalv1.com.br\\\/app\\\/wp-content\\\/uploads\\\/2024\\\/07\\\/WhatsApp-Image-2024-07-11-at-11.23.24-3-400x250.jpg&quot;,&quot;style&quot;:&quot;&quot;}]}}\"><\/div>\n                  <\/div>\n<p>&nbsp;<\/p>\n","protected":false},"excerpt":{"rendered":"<p>A Par\u00f3quia de Nossa Senhora do \u00d3 e Concei\u00e7\u00e3o celebrou nesta quarta-feira, 10 de julho, a ordena\u00e7\u00e3o de mais um sacerdote enviado pela par\u00f3quia. O novo Padre \u00e9 o valenciano&#8230;<\/p>\n","protected":false},"author":1,"featured_media":210127,"comment_status":"open","ping_status":"open","sticky":false,"template":"","format":"standard","meta":{"ngg_post_thumbnail":0,"footnotes":""},"categories":[243],"tags":[],"class_list":["post-210105","post","type-post","status-publish","format-standard","has-post-thumbnail","hentry","category-geral"],"views":507,"meta_data":{"thumb":"https:\/\/portalv1.com.br\/app\/wp-content\/uploads\/2024\/07\/WhatsApp-Image-2024-07-11-at-11.23.24-3.jpg","imagem":{"fullsize":{"url":"https:\/\/portalv1.com.br\/app\/wp-content\/uploads\/2024\/07\/WhatsApp-Image-2024-07-11-at-11.23.24-3.jpg","width":1600,"height":1066},"medium":{"url":"https:\/\/portalv1.com.br\/app\/wp-content\/uploads\/2024\/07\/WhatsApp-Image-2024-07-11-at-11.23.24-3-300x200.jpg","width":300,"height":200},"large":{"url":"https:\/\/portalv1.com.br\/app\/wp-content\/uploads\/2024\/07\/WhatsApp-Image-2024-07-11-at-11.23.24-3-640x426.jpg","width":640,"height":426},"thumbnail":{"url":"https:\/\/portalv1.com.br\/app\/wp-content\/uploads\/2024\/07\/WhatsApp-Image-2024-07-11-at-11.23.24-3-100x100.jpg","width":100,"height":100},"medium_large":{"url":"https:\/\/portalv1.com.br\/app\/wp-content\/uploads\/2024\/07\/WhatsApp-Image-2024-07-11-at-11.23.24-3-768x512.jpg","width":768,"height":512},"1536x1536":{"url":"https:\/\/portalv1.com.br\/app\/wp-content\/uploads\/2024\/07\/WhatsApp-Image-2024-07-11-at-11.23.24-3-1536x1023.jpg","width":1536,"height":1023}},"data":{"simple":"12\/07\/2024","date_time":"12\/07\/2024 08:46:27","date":"h\u00e1 2 anos"},"chapeu":"Veja detalhes ","source":"slide"},"_links":{"self":[{"href":"https:\/\/portalv1.com.br\/api\/wp\/v2\/posts\/210105","targetHints":{"allow":["GET"]}}],"collection":[{"href":"https:\/\/portalv1.com.br\/api\/wp\/v2\/posts"}],"about":[{"href":"https:\/\/portalv1.com.br\/api\/wp\/v2\/types\/post"}],"author":[{"embeddable":true,"href":"https:\/\/portalv1.com.br\/api\/wp\/v2\/users\/1"}],"replies":[{"embeddable":true,"href":"https:\/\/portalv1.com.br\/api\/wp\/v2\/comments?post=210105"}],"version-history":[{"count":0,"href":"https:\/\/portalv1.com.br\/api\/wp\/v2\/posts\/210105\/revisions"}],"wp:featuredmedia":[{"embeddable":true,"href":"https:\/\/portalv1.com.br\/api\/wp\/v2\/media\/210127"}],"wp:attachment":[{"href":"https:\/\/portalv1.com.br\/api\/wp\/v2\/media?parent=210105"}],"wp:term":[{"taxonomy":"category","embeddable":true,"href":"https:\/\/portalv1.com.br\/api\/wp\/v2\/categories?post=210105"},{"taxonomy":"post_tag","embeddable":true,"href":"https:\/\/portalv1.com.br\/api\/wp\/v2\/tags?post=210105"}],"curies":[{"name":"wp","href":"https:\/\/api.w.org\/{rel}","templated":true}]}}