{"id":21022,"date":"2015-05-25T18:14:17","date_gmt":"2015-05-25T21:14:17","guid":{"rendered":"https:\/\/portalv1.com.br\/?p=21022"},"modified":"2015-05-26T11:20:27","modified_gmt":"2015-05-26T14:20:27","slug":"eleicao-suplementar-em-valenca-e-marcada-para-o-dia-02-de-agosto","status":"publish","type":"post","link":"https:\/\/portalv1.com.br\/eleicao-suplementar-em-valenca-e-marcada-para-o-dia-02-de-agosto\/","title":{"rendered":"Elei\u00e7\u00e3o Suplementar em Valen\u00e7a ser\u00e1 dia 02 de agosto"},"content":{"rendered":"<p><a href=\"https:\/\/portalv1.com.br\/app\/wp-content\/uploads\/2014\/01\/tre.jpg\"><img loading=\"lazy\" decoding=\"async\" class=\"alignright wp-image-17538 size-medium\" src=\"https:\/\/portalv1.com.br\/app\/wp-content\/uploads\/2014\/01\/tre-300x168.jpg\" alt=\"tre\" width=\"300\" height=\"168\" srcset=\"https:\/\/portalv1.com.br\/app\/wp-content\/uploads\/2014\/01\/tre-300x168.jpg 300w, https:\/\/portalv1.com.br\/app\/wp-content\/uploads\/2014\/01\/tre.jpg 455w\" sizes=\"auto, (max-width: 300px) 100vw, 300px\" \/><\/a>As elei\u00e7\u00f5es suplementares de Valen\u00e7a devem acontecer dia 02 de agosto desse ano. Decis\u00e3o nesse sentido foi divulgada no Di\u00e1rio Oficial da Justi\u00e7a na edi\u00e7\u00e3o dessa segunda-feira (25) com validade para essa ter\u00e7a-feira 26 de maio. Em seu despacho a corte definiu a data do dia 02 de agosto, primeiro domingo do m\u00eas como determina o TSE.<\/p>\n<p>\u201cAs elei\u00e7\u00f5es dever\u00e3o ser marcadas sempre para o primeiro domingo de cada m\u00eas. Da\u00ed por que a minuta que em seguida submeterei \u00e0 aprecia\u00e7\u00e3o da Corte fixou a data de 02 de agosto do ano em curso\u201d decretou.<\/p>\n<p>Ap\u00f3s essa decis\u00e3o os autos foram enviados ao Minist\u00e9rio Publico Eleitoral para manifesta\u00e7\u00e3o sobre os mesmos para ap\u00f3s esse parecer o pleno possa apreciar e oficializar a elei\u00e7\u00e3o que apesar do pouco tempo seguir\u00e1 todos os tramites legais, ou seja, escolha dos candidatos pelos partidos pol\u00edticos, conven\u00e7\u00f5es partid\u00e1rias, campanha eleitoral e elei\u00e7\u00e3o.<\/p>\n<p>AVISO DE INTIMA\u00c7\u00c3O PETI\u00c7\u00c3O N\u00ba 107-15.2015.6.18.0000 \u2013 CLASSE 24 ORIGEM: Valen\u00e7a do Piau\u00ed \u2013 PI (18\u00aa Zona Eleitoral \u2013 Valen\u00e7a do Piau\u00ed) RELATOR: Des. EDVALDO PEREIRA DE MOURA ASSUNTO: PETI\u00c7\u00c3O &#8211; PREFEITO &#8211; VICE-PREFEITO &#8211; ELEI\u00c7\u00c3O MAJORIT\u00c1RIA &#8211; AIJE 252 &#8211; AIME 337 &#8211; CASSA\u00c7\u00c3O DE DIPLOMAS &#8211; REGULAMENTA\u00c7\u00c3O DE NOVAS ELEI\u00c7\u00d5ES REQUERENTE: COLIGA\u00c7\u00c3O &#8220;CAPAZ DE FAZER&#8221; ADVOGADO: Dr. Edson Vieira Ara\u00fajo FINALIDADE: intimar a requerente do despacho<\/p>\n<p>DESPACHO: \u201cVistos, etc&#8230; Cuida-se de proposta de Resolu\u00e7\u00e3o visando regulamentar a realiza\u00e7\u00e3o de novas elei\u00e7\u00f5es para os cargos de Prefeito e Vice-Prefeito do Munic\u00edpio de Valen\u00e7a do Piau\u00ed\/PI, uma vez que os candidatos eleitos no pleito de 2012, Sr. Walfredo Val de Carvalho Filho e Sr\u00aa Paula Jeanne Rosa Lima, tiveram seus diplomas cassados nos autos da AIJE n\u00ba 2-52 e AIME n\u00ba 337. Ressalto, que em ambas as a\u00e7\u00f5es foram opostos embargos de declara\u00e7\u00e3o que foram conhecidos e negados provimento.<\/p>\n<p>Acrescento que neste momento, n\u00e3o h\u00e1 nenhuma medida judicial suspendendo a efic\u00e1cia do que decidido por este TRE\/PI, sobretudo porque, como se sabe, nos termos do art. 257 do C\u00f3digo Eleitoral, \u2018os recursos eleitorais n\u00e3o ter\u00e3o efeito suspensivo\u2019 e \u2018a execu\u00e7\u00e3o de qualquer ac\u00f3rd\u00e3o ser\u00e1 feita imediatamente, atrav\u00e9s de comunica\u00e7\u00e3o por oficio, telegrama, ou, em casos especiais, a crit\u00e9rio do presidente do Tribunal, atrav\u00e9s de c\u00f3pia do ac\u00f3rd\u00e3o.\u2019 Ademais, a pend\u00eancia de eventual recurso extraordin\u00e1rio interposto contra esses ac\u00f3rd\u00e3os, n\u00e3o obsta a realiza\u00e7\u00e3o de elei\u00e7\u00e3o suplementar, de exclusiva compet\u00eancia deste Tribunal Regional Eleitoral, cujos preparativos sujeitam-se \u00e0 observ\u00e2ncia de prazo legais.<\/p>\n<p>Neste passo, e com o escopo de conferir execu\u00e7\u00e3o plena aos ac\u00f3rd\u00e3os acima referenciados, resta, a esta Corte, expedir Resolu\u00e7\u00e3o disciplinando as novas elei\u00e7\u00f5es majorit\u00e1rias no munic\u00edpio de Valen\u00e7a do Piau\u00ed\/PI, conforme o disposto nos artigos 30, IV, XVII, 222 e 224, do C\u00f3digo Eleitoral.<\/p>\n<p>Destaco, ainda, que, nos termos da Resolu\u00e7\u00e3o TSE n\u00ba 23.280\/2010, para os fins do art. 224 do C\u00f3digo Eleitoral, observado o prazo m\u00e1ximo prescrito, as elei\u00e7\u00f5es dever\u00e3o ser marcadas sempre para o primeiro domingo de cada m\u00eas. Da\u00ed por que a minuta que em seguida submeterei \u00e0 aprecia\u00e7\u00e3o da Corte fixou a data de 02 de agosto do ano em curso.<\/p>\n<p>Com estas considera\u00e7\u00f5es, encaminhem-se os autos ao Minist\u00e9rio P\u00fablico Eleitoral para manifesta\u00e7\u00e3o na forma regimental. Ap\u00f3s, voltem-me conclusos para submeter a proposta de resolu\u00e7\u00e3o \u00e0 aprecia\u00e7\u00e3o da Corte deste Tribunal.<\/p>\n<p>Teresina (PI), 22 de maio de 2015. DES. EDVALDO PEREIRA DE MOURA Presidente do TRE\/PI\u201d SECRETARIA JUDICI\u00c1RIA DO TRIBUNAL REGIONAL ELEITORAL DO PIAU\u00cd, em Teresina, 22 de maio de 2015. HEDIANE LIMA XAVIER, Secret\u00e1ria Judici\u00e1ria \u2013TRE\/PI.<\/p>\n<p><a href=\"https:\/\/portalv1.com.br\/app\/wp-content\/uploads\/2015\/05\/TRE-PI-92-2015.pdf\">TRE-PI-92-2015<\/a><\/p>\n","protected":false},"excerpt":{"rendered":"<p>As elei\u00e7\u00f5es suplementares de Valen\u00e7a devem acontecer dia 02 de agosto desse ano. Decis\u00e3o nesse sentido foi divulgada no Di\u00e1rio Oficial da Justi\u00e7a na edi\u00e7\u00e3o dessa segunda-feira (25) com validade&#8230;<\/p>\n","protected":false},"author":1,"featured_media":0,"comment_status":"open","ping_status":"open","sticky":false,"template":"","format":"standard","meta":{"ngg_post_thumbnail":0,"footnotes":""},"categories":[12],"tags":[],"class_list":["post-21022","post","type-post","status-publish","format-standard","hentry","category-valenca-news"],"views":1373,"meta_data":{"thumb":"https:\/\/portalv1.com.br\/app\/wp-content\/uploads\/2014\/01\/tre.jpg","data":{"simple":"25\/05\/2015","date_time":"25\/05\/2015 15:14:17","date":"h\u00e1 11 anos"},"chapeu":"TRE-PI","source":"retirar"},"_links":{"self":[{"href":"https:\/\/portalv1.com.br\/api\/wp\/v2\/posts\/21022","targetHints":{"allow":["GET"]}}],"collection":[{"href":"https:\/\/portalv1.com.br\/api\/wp\/v2\/posts"}],"about":[{"href":"https:\/\/portalv1.com.br\/api\/wp\/v2\/types\/post"}],"author":[{"embeddable":true,"href":"https:\/\/portalv1.com.br\/api\/wp\/v2\/users\/1"}],"replies":[{"embeddable":true,"href":"https:\/\/portalv1.com.br\/api\/wp\/v2\/comments?post=21022"}],"version-history":[{"count":0,"href":"https:\/\/portalv1.com.br\/api\/wp\/v2\/posts\/21022\/revisions"}],"wp:attachment":[{"href":"https:\/\/portalv1.com.br\/api\/wp\/v2\/media?parent=21022"}],"wp:term":[{"taxonomy":"category","embeddable":true,"href":"https:\/\/portalv1.com.br\/api\/wp\/v2\/categories?post=21022"},{"taxonomy":"post_tag","embeddable":true,"href":"https:\/\/portalv1.com.br\/api\/wp\/v2\/tags?post=21022"}],"curies":[{"name":"wp","href":"https:\/\/api.w.org\/{rel}","templated":true}]}}