{"id":21047,"date":"2015-05-26T22:35:15","date_gmt":"2015-05-27T01:35:15","guid":{"rendered":"https:\/\/portalv1.com.br\/?p=21047"},"modified":"2015-05-28T18:02:11","modified_gmt":"2015-05-28T21:02:11","slug":"organizacao-da-vaquejada-de-pimenteiras-anuncia-as-atracoes-musicais","status":"publish","type":"post","link":"https:\/\/portalv1.com.br\/organizacao-da-vaquejada-de-pimenteiras-anuncia-as-atracoes-musicais\/","title":{"rendered":"Organiza\u00e7\u00e3o da Vaquejada de Pimenteiras anuncia as atra\u00e7\u00f5es musicais"},"content":{"rendered":"<figure id=\"attachment_21048\" aria-describedby=\"caption-attachment-21048\" style=\"width: 423px\" class=\"wp-caption alignright\"><a href=\"https:\/\/portalv1.com.br\/app\/wp-content\/uploads\/2015\/05\/dsc_0704.jpg\"><img loading=\"lazy\" decoding=\"async\" class=\"wp-image-21048\" src=\"https:\/\/portalv1.com.br\/app\/wp-content\/uploads\/2015\/05\/dsc_0704-640x427.jpg\" alt=\"dsc_0704\" width=\"423\" height=\"282\" srcset=\"https:\/\/portalv1.com.br\/app\/wp-content\/uploads\/2015\/05\/dsc_0704.jpg 640w, https:\/\/portalv1.com.br\/app\/wp-content\/uploads\/2015\/05\/dsc_0704-300x200.jpg 300w\" sizes=\"auto, (max-width: 423px) 100vw, 423px\" \/><\/a><figcaption id=\"caption-attachment-21048\" class=\"wp-caption-text\">Parque Pantanal<\/figcaption><\/figure>\n<p>Um dos eventos mais esperados da regi\u00e3o valenciana j\u00e1 tem data e atra\u00e7\u00f5es musicais confirmadas. A 33\u00aa Vaquejada do Parque Pantanal em Pimenteiras ser\u00e1 realizada de 19 a 21 de junho com as atra\u00e7\u00f5es Cizinho e Forr\u00f3 Bandido dia 19 e Noda de Caju no dia 20.<\/p>\n<p>Luiz Am\u00e9lio e Rodolfo respondem pela organiza\u00e7\u00e3o do evento que reuni vaqueiros do Piau\u00ed, Cear\u00e1, Pernambuco e Rio Grande do Norte. Alex Lacerda que tamb\u00e9m faz parte da organiza\u00e7\u00e3o afirmou que a vaquejada de Pimenteiras distribuir\u00e1 R$ 37 mil reais em pr\u00eamios.<\/p>\n<p>O parque de vaquejada um dos mais belos do estado est\u00e1 sendo preparado para receber um grande n\u00famero de vaqueiros e turistas. A prefeitura municipal juntamente com a c\u00e2mara de vereadores est\u00e1 entre os apoiadores do evento que geram in\u00fameros empregos diretos e indiretos, al\u00e9m de fomentar a economia local.<\/p>\n","protected":false},"excerpt":{"rendered":"<p>Um dos eventos mais esperados da regi\u00e3o valenciana j\u00e1 tem data e atra\u00e7\u00f5es musicais confirmadas. A 33\u00aa Vaquejada do Parque Pantanal em Pimenteiras ser\u00e1 realizada de 19 a 21 de&#8230;<\/p>\n","protected":false},"author":1,"featured_media":0,"comment_status":"open","ping_status":"open","sticky":false,"template":"","format":"standard","meta":{"ngg_post_thumbnail":0,"footnotes":""},"categories":[12],"tags":[],"class_list":["post-21047","post","type-post","status-publish","format-standard","hentry","category-valenca-news"],"views":2655,"meta_data":{"thumb":"https:\/\/portalv1.com.br\/app\/wp-content\/uploads\/2011\/03\/vaquejada.jpg","data":{"simple":"26\/05\/2015","date_time":"26\/05\/2015 19:35:15","date":"h\u00e1 11 anos"},"chapeu":"Esporte","source":"foto_menor"},"_links":{"self":[{"href":"https:\/\/portalv1.com.br\/api\/wp\/v2\/posts\/21047","targetHints":{"allow":["GET"]}}],"collection":[{"href":"https:\/\/portalv1.com.br\/api\/wp\/v2\/posts"}],"about":[{"href":"https:\/\/portalv1.com.br\/api\/wp\/v2\/types\/post"}],"author":[{"embeddable":true,"href":"https:\/\/portalv1.com.br\/api\/wp\/v2\/users\/1"}],"replies":[{"embeddable":true,"href":"https:\/\/portalv1.com.br\/api\/wp\/v2\/comments?post=21047"}],"version-history":[{"count":0,"href":"https:\/\/portalv1.com.br\/api\/wp\/v2\/posts\/21047\/revisions"}],"wp:attachment":[{"href":"https:\/\/portalv1.com.br\/api\/wp\/v2\/media?parent=21047"}],"wp:term":[{"taxonomy":"category","embeddable":true,"href":"https:\/\/portalv1.com.br\/api\/wp\/v2\/categories?post=21047"},{"taxonomy":"post_tag","embeddable":true,"href":"https:\/\/portalv1.com.br\/api\/wp\/v2\/tags?post=21047"}],"curies":[{"name":"wp","href":"https:\/\/api.w.org\/{rel}","templated":true}]}}