{"id":21123,"date":"2015-06-08T10:08:28","date_gmt":"2015-06-08T13:08:28","guid":{"rendered":"https:\/\/portalv1.com.br\/?p=21123"},"modified":"2015-06-08T17:29:04","modified_gmt":"2015-06-08T20:29:04","slug":"plano-municipal-da-educacao-e-apresentado-na-inhuma","status":"publish","type":"post","link":"https:\/\/portalv1.com.br\/plano-municipal-da-educacao-e-apresentado-na-inhuma\/","title":{"rendered":"Plano Municipal da educa\u00e7\u00e3o \u00e9 apresentado na Inhuma"},"content":{"rendered":"<figure id=\"attachment_21124\" aria-describedby=\"caption-attachment-21124\" style=\"width: 300px\" class=\"wp-caption alignright\"><a href=\"https:\/\/portalv1.com.br\/app\/wp-content\/uploads\/2015\/06\/011.jpg\"><img loading=\"lazy\" decoding=\"async\" class=\"size-medium wp-image-21124\" src=\"https:\/\/portalv1.com.br\/app\/wp-content\/uploads\/2015\/06\/011-300x225.jpg\" alt=\"Inhuma \" width=\"300\" height=\"225\" srcset=\"https:\/\/portalv1.com.br\/app\/wp-content\/uploads\/2015\/06\/011-300x225.jpg 300w, https:\/\/portalv1.com.br\/app\/wp-content\/uploads\/2015\/06\/011-640x480.jpg 640w, https:\/\/portalv1.com.br\/app\/wp-content\/uploads\/2015\/06\/011.jpg 700w\" sizes=\"auto, (max-width: 300px) 100vw, 300px\" \/><\/a><figcaption id=\"caption-attachment-21124\" class=\"wp-caption-text\">Inhuma<\/figcaption><\/figure>\n<p>A Secretaria Municipal de Educa\u00e7\u00e3o, atrav\u00e9s da Secret\u00e1ria Maria Nilcimar apresentou o Plano Municipal de Educa\u00e7\u00e3o de Inhuma-PI. A Professora Josileide Gon\u00e7alves fez uma explana\u00e7\u00e3o sobre o Plano no Audit\u00f3rio da Secretaria. De acordo com Josileide, ap\u00f3s as coloca\u00e7\u00f5es, o Plano ser\u00e1 enviado para aprecia\u00e7\u00e3o na C\u00e2mara Municipal.<\/p>\n<p>O momento contou com a presen\u00e7a do Prefeito Municipal Moacir Gon\u00e7alves de Carvalho, da Secret\u00e1ria Municipal de Educa\u00e7\u00e3o Maria Nilcimar, do Secretario de Assist\u00eancia Social Erivan Almondes, da Presidente do Conselho Municipal de Educa\u00e7\u00e3o Ducarmo Cardoso de professores da Rede Municipal de Ensino e de pessoas da comunidade inhumense.<\/p>\n<p>O Plano Municipal de Educa\u00e7\u00e3o \u2013MPE de Inhuma &#8211; PI, foi elaborado a luz da legisla\u00e7\u00e3o em vigor \u00e0 partir da aprova\u00e7\u00e3o do Plano Nacional de Educa\u00e7\u00e3o PNE de 25 de junho de 2014 que define metas e estabelece estrat\u00e9gias \u00e0 educa\u00e7\u00e3o nacional para o per\u00edodo de 2015 a 2025.<\/p>\n<p>A constitui\u00e7\u00e3o Federal de 1988 determina que os Planos de Educa\u00e7\u00e3o se tornem Leis com Car\u00e1ter aut\u00f4nomo, que a partir do Art. 214 que prev\u00ea: a) erradica\u00e7\u00e3o do analfabetismo: b) universaliza\u00e7\u00e3o do atendimento escolar: c) melhoria da qualidade do ensino: d) forma\u00e7\u00e3o para o trabalho: e) promo\u00e7\u00e3o human\u00edstica cientifica e tecnol\u00f3gica, seguindo tamb\u00e9m as diretrizes e bases da educa\u00e7\u00e3o estabelecidas na LDBEN 9394\/1996<\/p>\n","protected":false},"excerpt":{"rendered":"<p>A Secretaria Municipal de Educa\u00e7\u00e3o, atrav\u00e9s da Secret\u00e1ria Maria Nilcimar apresentou o Plano Municipal de Educa\u00e7\u00e3o de Inhuma-PI. A Professora Josileide Gon\u00e7alves fez uma explana\u00e7\u00e3o sobre o Plano no Audit\u00f3rio&#8230;<\/p>\n","protected":false},"author":1,"featured_media":0,"comment_status":"open","ping_status":"open","sticky":false,"template":"","format":"standard","meta":{"ngg_post_thumbnail":0,"footnotes":""},"categories":[12],"tags":[],"class_list":["post-21123","post","type-post","status-publish","format-standard","hentry","category-valenca-news"],"views":298,"meta_data":{"thumb":"https:\/\/portalv1.com.br\/app\/wp-content\/uploads\/2015\/06\/011.jpg","data":{"simple":"08\/06\/2015","date_time":"08\/06\/2015 07:08:28","date":"h\u00e1 11 anos"},"chapeu":"LDBEN ","source":"retirar"},"_links":{"self":[{"href":"https:\/\/portalv1.com.br\/api\/wp\/v2\/posts\/21123","targetHints":{"allow":["GET"]}}],"collection":[{"href":"https:\/\/portalv1.com.br\/api\/wp\/v2\/posts"}],"about":[{"href":"https:\/\/portalv1.com.br\/api\/wp\/v2\/types\/post"}],"author":[{"embeddable":true,"href":"https:\/\/portalv1.com.br\/api\/wp\/v2\/users\/1"}],"replies":[{"embeddable":true,"href":"https:\/\/portalv1.com.br\/api\/wp\/v2\/comments?post=21123"}],"version-history":[{"count":0,"href":"https:\/\/portalv1.com.br\/api\/wp\/v2\/posts\/21123\/revisions"}],"wp:attachment":[{"href":"https:\/\/portalv1.com.br\/api\/wp\/v2\/media?parent=21123"}],"wp:term":[{"taxonomy":"category","embeddable":true,"href":"https:\/\/portalv1.com.br\/api\/wp\/v2\/categories?post=21123"},{"taxonomy":"post_tag","embeddable":true,"href":"https:\/\/portalv1.com.br\/api\/wp\/v2\/tags?post=21123"}],"curies":[{"name":"wp","href":"https:\/\/api.w.org\/{rel}","templated":true}]}}