{"id":21150,"date":"2015-06-10T00:50:36","date_gmt":"2015-06-10T03:50:36","guid":{"rendered":"https:\/\/portalv1.com.br\/?p=21150"},"modified":"2015-06-11T23:14:29","modified_gmt":"2015-06-12T02:14:29","slug":"prefeitura-de-valenca-exonera-e-recontrata-assessores","status":"publish","type":"post","link":"https:\/\/portalv1.com.br\/prefeitura-de-valenca-exonera-e-recontrata-assessores\/","title":{"rendered":"Prefeitura de Valen\u00e7a exonera e recontrata assessores"},"content":{"rendered":"<figure id=\"attachment_18231\" aria-describedby=\"caption-attachment-18231\" style=\"width: 400px\" class=\"wp-caption alignright\"><a href=\"https:\/\/portalv1.com.br\/app\/wp-content\/uploads\/2014\/05\/prefeito-walfredo-filho.jpg\"><img loading=\"lazy\" decoding=\"async\" class=\"wp-image-18231 size-full\" src=\"https:\/\/portalv1.com.br\/app\/wp-content\/uploads\/2014\/05\/prefeito-walfredo-filho.jpg\" alt=\"Prefeito Walfredo Filho\" width=\"400\" height=\"300\" srcset=\"https:\/\/portalv1.com.br\/app\/wp-content\/uploads\/2014\/05\/prefeito-walfredo-filho.jpg 400w, https:\/\/portalv1.com.br\/app\/wp-content\/uploads\/2014\/05\/prefeito-walfredo-filho-300x225.jpg 300w\" sizes=\"auto, (max-width: 400px) 100vw, 400px\" \/><\/a><figcaption id=\"caption-attachment-18231\" class=\"wp-caption-text\">Prefeito Walfredo Filho<\/figcaption><\/figure>\n<p>Um dos primeiros atos administrativos do prefeito Walfredo Filho foi baixar o oficio de numero 33 datado do dia 29 de maio exonerando todos os cargos comissionados e fun\u00e7\u00f5es gratificadas do Executivo Municipal. Ap\u00f3s essa decis\u00e3o, o pr\u00f3ximo passo foi nomear seus assessores mais pr\u00f3ximos come\u00e7ando pela secretaria de governo, que tem a advogada Rol\u00e2ndia Gomes como titular.<\/p>\n<p>Walfredo Filho nomeou na sequencia a sua m\u00e3e para a secretaria de finan\u00e7as, sua irm\u00e3 Walmaria Moura na assist\u00eancia social, Ana Paula para a sa\u00fade, Ilana Caetano na educa\u00e7\u00e3o, Luciano Coelho para a secretaria de obras e Evandro Nogueira para a controladoria. Com essas nomea\u00e7\u00f5es faltam ser efetivados os titulares da cultura, trabalho e emprego e da administra\u00e7\u00e3o.<\/p>\n<p>Na cultura, o professor Antonio Jos\u00e9 deve retornar ao comando da pasta, uma vez que, est\u00e1 \u00e0 frente da organiza\u00e7\u00e3o do festival junino, mesmo n\u00e3o tendo em m\u00e3os a sua portaria que at\u00e9 o momento n\u00e3o foi publicada no Di\u00e1rio dos Munic\u00edpios.<\/p>\n<p>E por falar no Di\u00e1rio dos Munic\u00edpios na edi\u00e7\u00e3o desta segunda foram publicados os nomes de alguns assessores ligados \u00e0 secretaria de obras como Pedro Jose de Sousa Filho (chefe do setor de fiscaliza\u00e7\u00e3o), Francisco das Chagas Sousa (diretor de obras e servi\u00e7os urbanos), Mauro da Silva Torres (chefe do setor de cemit\u00e9rios), marcos Antonio Rocha Coelho (assessor do chefe de fiscaliza\u00e7\u00e3o), Simony Pinto da Costa (assessor do diretor de obras), Juraci Soares Barbosa (diretor de manuten\u00e7\u00e3o geral), entre outros.<\/p>\n<p>Se essas foram as primeiras a\u00e7\u00f5es do prefeito Walfredo Filho registradas no Di\u00e1rio dos Munic\u00edpios um dos \u00faltimos atos do ent\u00e3o prefeito Getulio Gomes a frente da gest\u00e3o municipal foi \u00e0 assinatura de um contrato de presta\u00e7\u00e3o de servi\u00e7os de limpeza publica com validade de 180 dias no valor de quase R$ 348 mil reais. (347.571.60).<\/p>\n<p>Pessoas ligadas \u00e0 gest\u00e3o afirmaram que nessa nova fase haver\u00e1 mais depura\u00e7\u00e3o dos cargos comissionados. O objetivo segundo essa fonte \u00e9 enxugar a folha e afastar pessoas que se mostraram excessivamente ligadas ao poder, n\u00e3o importando quem seja o titular<\/p>\n","protected":false},"excerpt":{"rendered":"<p>Um dos primeiros atos administrativos do prefeito Walfredo Filho foi baixar o oficio de numero 33 datado do dia 29 de maio exonerando todos os cargos comissionados e fun\u00e7\u00f5es gratificadas&#8230;<\/p>\n","protected":false},"author":1,"featured_media":0,"comment_status":"open","ping_status":"open","sticky":false,"template":"","format":"standard","meta":{"ngg_post_thumbnail":0,"footnotes":""},"categories":[12],"tags":[],"class_list":["post-21150","post","type-post","status-publish","format-standard","hentry","category-valenca-news"],"views":1245,"meta_data":{"thumb":"https:\/\/portalv1.com.br\/app\/wp-content\/uploads\/2014\/05\/prefeito-walfredo-filho.jpg","data":{"simple":"09\/06\/2015","date_time":"09\/06\/2015 21:50:36","date":"h\u00e1 11 anos"},"chapeu":"Executivo ","source":"foto_menor"},"_links":{"self":[{"href":"https:\/\/portalv1.com.br\/api\/wp\/v2\/posts\/21150","targetHints":{"allow":["GET"]}}],"collection":[{"href":"https:\/\/portalv1.com.br\/api\/wp\/v2\/posts"}],"about":[{"href":"https:\/\/portalv1.com.br\/api\/wp\/v2\/types\/post"}],"author":[{"embeddable":true,"href":"https:\/\/portalv1.com.br\/api\/wp\/v2\/users\/1"}],"replies":[{"embeddable":true,"href":"https:\/\/portalv1.com.br\/api\/wp\/v2\/comments?post=21150"}],"version-history":[{"count":0,"href":"https:\/\/portalv1.com.br\/api\/wp\/v2\/posts\/21150\/revisions"}],"wp:attachment":[{"href":"https:\/\/portalv1.com.br\/api\/wp\/v2\/media?parent=21150"}],"wp:term":[{"taxonomy":"category","embeddable":true,"href":"https:\/\/portalv1.com.br\/api\/wp\/v2\/categories?post=21150"},{"taxonomy":"post_tag","embeddable":true,"href":"https:\/\/portalv1.com.br\/api\/wp\/v2\/tags?post=21150"}],"curies":[{"name":"wp","href":"https:\/\/api.w.org\/{rel}","templated":true}]}}