{"id":21204,"date":"2015-06-16T23:09:10","date_gmt":"2015-06-17T02:09:10","guid":{"rendered":"https:\/\/portalv1.com.br\/?p=21204"},"modified":"2015-06-17T23:55:29","modified_gmt":"2015-06-18T02:55:29","slug":"projeto-viva-o-semi-arido-sera-lancado-em-valenca-nesta-quinta-feira","status":"publish","type":"post","link":"https:\/\/portalv1.com.br\/projeto-viva-o-semi-arido-sera-lancado-em-valenca-nesta-quinta-feira\/","title":{"rendered":"Projeto Viva o Semi-\u00e1rido ser\u00e1 lan\u00e7ado em Valen\u00e7a nesta quinta-feira"},"content":{"rendered":"<figure id=\"attachment_21205\" aria-describedby=\"caption-attachment-21205\" style=\"width: 300px\" class=\"wp-caption alignright\"><a href=\"https:\/\/portalv1.com.br\/app\/wp-content\/uploads\/2015\/06\/portalv1-700.jpg\"><img loading=\"lazy\" decoding=\"async\" class=\"size-medium wp-image-21205\" src=\"https:\/\/portalv1.com.br\/app\/wp-content\/uploads\/2015\/06\/portalv1-700-300x200.jpg\" alt=\"Foto de arquivo\" width=\"300\" height=\"200\" srcset=\"https:\/\/portalv1.com.br\/app\/wp-content\/uploads\/2015\/06\/portalv1-700-300x200.jpg 300w, https:\/\/portalv1.com.br\/app\/wp-content\/uploads\/2015\/06\/portalv1-700.jpg 640w\" sizes=\"auto, (max-width: 300px) 100vw, 300px\" \/><\/a><figcaption id=\"caption-attachment-21205\" class=\"wp-caption-text\">Foto de arquivo<\/figcaption><\/figure>\n<p>Ser\u00e1 realizada nesta quinta-feira (18) no Audit\u00f3rio do Sindicato dos Trabalhadores Rurais o semin\u00e1rio sobre o Projeto Viva o Semi-\u00e1rido realizado pela Secretaria de Desenvolvimento Rural com o objetivo de discutir a implanta\u00e7\u00e3o do projeto no territ\u00f3rio do Vale do Sambito.<\/p>\n<p>A abertura est\u00e1 marcada para as 08h da manha. O projeto deve atender pelo menos 89 munic\u00edpios piauienses ao longo de sete anos com investimentos na ordem de US$ 30 milh\u00f5es do Fundo Internacional para o Desenvolvimento Agr\u00edcola (FIDA).<\/p>\n<p>O projeto foi dividido em quatro eixos priorit\u00e1rios: Desenvolvimento Produtivo, Educa\u00e7\u00e3o Contextualizada, Desenvolvimento Interinstitucional e Gest\u00e3o de Projetos nos Territ\u00f3rios Serra da Capivara, Vale do Rio Guaribas, Vale do Rio Canind\u00e9 e Vale do Sambito beneficiando v\u00e1rios seguimentos como a cajucultura para aproveitamento da castanha e ped\u00fanculo, al\u00e9m de produ\u00e7\u00e3o de cajuina; a caprinocultura; hortali\u00e7as e outros projetos produtivos que podem ser implementados no Semi-\u00e1rido.<\/p>\n","protected":false},"excerpt":{"rendered":"<p>Ser\u00e1 realizada nesta quinta-feira (18) no Audit\u00f3rio do Sindicato dos Trabalhadores Rurais o semin\u00e1rio sobre o Projeto Viva o Semi-\u00e1rido realizado pela Secretaria de Desenvolvimento Rural com o objetivo de&#8230;<\/p>\n","protected":false},"author":1,"featured_media":0,"comment_status":"open","ping_status":"open","sticky":false,"template":"","format":"standard","meta":{"ngg_post_thumbnail":0,"footnotes":""},"categories":[12],"tags":[],"class_list":["post-21204","post","type-post","status-publish","format-standard","hentry","category-valenca-news"],"views":322,"meta_data":{"thumb":"https:\/\/portalv1.com.br\/app\/wp-content\/uploads\/2015\/06\/portalv1-700.jpg","data":{"simple":"16\/06\/2015","date_time":"16\/06\/2015 20:09:10","date":"h\u00e1 11 anos"},"chapeu":"US$ 30 milh\u00f5es ","source":"retirar"},"_links":{"self":[{"href":"https:\/\/portalv1.com.br\/api\/wp\/v2\/posts\/21204","targetHints":{"allow":["GET"]}}],"collection":[{"href":"https:\/\/portalv1.com.br\/api\/wp\/v2\/posts"}],"about":[{"href":"https:\/\/portalv1.com.br\/api\/wp\/v2\/types\/post"}],"author":[{"embeddable":true,"href":"https:\/\/portalv1.com.br\/api\/wp\/v2\/users\/1"}],"replies":[{"embeddable":true,"href":"https:\/\/portalv1.com.br\/api\/wp\/v2\/comments?post=21204"}],"version-history":[{"count":0,"href":"https:\/\/portalv1.com.br\/api\/wp\/v2\/posts\/21204\/revisions"}],"wp:attachment":[{"href":"https:\/\/portalv1.com.br\/api\/wp\/v2\/media?parent=21204"}],"wp:term":[{"taxonomy":"category","embeddable":true,"href":"https:\/\/portalv1.com.br\/api\/wp\/v2\/categories?post=21204"},{"taxonomy":"post_tag","embeddable":true,"href":"https:\/\/portalv1.com.br\/api\/wp\/v2\/tags?post=21204"}],"curies":[{"name":"wp","href":"https:\/\/api.w.org\/{rel}","templated":true}]}}