{"id":212099,"date":"2024-07-26T14:53:35","date_gmt":"2024-07-26T17:53:35","guid":{"rendered":"https:\/\/portalv1.com.br\/?p=212099"},"modified":"2024-07-26T14:53:35","modified_gmt":"2024-07-26T17:53:35","slug":"vereador-de-lagoa-do-sitio-antonio-baguim-sofre-acidente-de-moto","status":"publish","type":"post","link":"https:\/\/portalv1.com.br\/vereador-de-lagoa-do-sitio-antonio-baguim-sofre-acidente-de-moto\/","title":{"rendered":"Vereador de Lagoa do Sitio Ant\u00f4nio Baguim sofre acidente de moto"},"content":{"rendered":"<p>O vereador de Lagoa do Sitio, Ant\u00f4nio Baguim, sofreu um acidente de moto na noite desta quinta-feira (25) no bairro Angico em Lagoa do Sitio. De acordo com informa\u00e7\u00f5es, o vereador teria colidido com sua moto em um cachorro provocando o acidente. &nbsp;<\/p>\n<p>A equipe de sa\u00fade foi acionada imediatamente e o mesmo foi encaminhado ao Hospital Regional Eust\u00e1quio Portela, em Valen\u00e7a do Piau\u00ed, onde recebeu atendimento m\u00e9dico e ficou hospitalizado, em observa\u00e7\u00e3o, at\u00e9 a manh\u00e3 desta sexta-feira.<\/p>\n<p>Ant\u00f4nio Baguim sofreu algumas escoria\u00e7\u00f5es pelo corpo e uma les\u00e3o na coxa, causando dificuldades de locomo\u00e7\u00e3o, mas j\u00e1 se encontra na sua resid\u00eancia, em repouso. <a href=\"https:\/\/portalv1.com.br\/app\/wp-content\/uploads\/2024\/07\/IMG-20240726-WA0441.jpg\"><img loading=\"lazy\" decoding=\"async\" class=\"aligncenter size-full wp-image-212101\" src=\"https:\/\/portalv1.com.br\/app\/wp-content\/uploads\/2024\/07\/IMG-20240726-WA0441.jpg\" alt=\"\" width=\"1132\" height=\"1600\" srcset=\"https:\/\/portalv1.com.br\/app\/wp-content\/uploads\/2024\/07\/IMG-20240726-WA0441.jpg 1132w, https:\/\/portalv1.com.br\/app\/wp-content\/uploads\/2024\/07\/IMG-20240726-WA0441-300x424.jpg 300w, https:\/\/portalv1.com.br\/app\/wp-content\/uploads\/2024\/07\/IMG-20240726-WA0441-640x905.jpg 640w, https:\/\/portalv1.com.br\/app\/wp-content\/uploads\/2024\/07\/IMG-20240726-WA0441-768x1086.jpg 768w, https:\/\/portalv1.com.br\/app\/wp-content\/uploads\/2024\/07\/IMG-20240726-WA0441-1087x1536.jpg 1087w\" sizes=\"auto, (max-width: 1132px) 100vw, 1132px\" \/><\/a><\/p>\n","protected":false},"excerpt":{"rendered":"<p>O vereador de Lagoa do Sitio, Ant\u00f4nio Baguim, sofreu um acidente de moto na noite desta quinta-feira (25) no bairro Angico em Lagoa do Sitio. De acordo com informa\u00e7\u00f5es, o&#8230;<\/p>\n","protected":false},"author":1,"featured_media":212100,"comment_status":"open","ping_status":"open","sticky":false,"template":"","format":"standard","meta":{"ngg_post_thumbnail":0,"footnotes":""},"categories":[243],"tags":[],"class_list":["post-212099","post","type-post","status-publish","format-standard","has-post-thumbnail","hentry","category-geral"],"views":721,"meta_data":{"thumb":"https:\/\/portalv1.com.br\/app\/wp-content\/uploads\/2024\/07\/IMG-20240726-WA0451.jpg","imagem":{"fullsize":{"url":"https:\/\/portalv1.com.br\/app\/wp-content\/uploads\/2024\/07\/IMG-20240726-WA0451.jpg","width":1599,"height":1066},"medium":{"url":"https:\/\/portalv1.com.br\/app\/wp-content\/uploads\/2024\/07\/IMG-20240726-WA0451-300x200.jpg","width":300,"height":200},"large":{"url":"https:\/\/portalv1.com.br\/app\/wp-content\/uploads\/2024\/07\/IMG-20240726-WA0451-640x427.jpg","width":640,"height":427},"thumbnail":{"url":"https:\/\/portalv1.com.br\/app\/wp-content\/uploads\/2024\/07\/IMG-20240726-WA0451-100x100.jpg","width":100,"height":100},"medium_large":{"url":"https:\/\/portalv1.com.br\/app\/wp-content\/uploads\/2024\/07\/IMG-20240726-WA0451-768x512.jpg","width":768,"height":512},"1536x1536":{"url":"https:\/\/portalv1.com.br\/app\/wp-content\/uploads\/2024\/07\/IMG-20240726-WA0451-1536x1024.jpg","width":1536,"height":1024}},"data":{"simple":"26\/07\/2024","date_time":"26\/07\/2024 11:53:35","date":"h\u00e1 2 anos"},"chapeu":"Veja estado de sa\u00fade ","source":"slide"},"_links":{"self":[{"href":"https:\/\/portalv1.com.br\/api\/wp\/v2\/posts\/212099","targetHints":{"allow":["GET"]}}],"collection":[{"href":"https:\/\/portalv1.com.br\/api\/wp\/v2\/posts"}],"about":[{"href":"https:\/\/portalv1.com.br\/api\/wp\/v2\/types\/post"}],"author":[{"embeddable":true,"href":"https:\/\/portalv1.com.br\/api\/wp\/v2\/users\/1"}],"replies":[{"embeddable":true,"href":"https:\/\/portalv1.com.br\/api\/wp\/v2\/comments?post=212099"}],"version-history":[{"count":0,"href":"https:\/\/portalv1.com.br\/api\/wp\/v2\/posts\/212099\/revisions"}],"wp:featuredmedia":[{"embeddable":true,"href":"https:\/\/portalv1.com.br\/api\/wp\/v2\/media\/212100"}],"wp:attachment":[{"href":"https:\/\/portalv1.com.br\/api\/wp\/v2\/media?parent=212099"}],"wp:term":[{"taxonomy":"category","embeddable":true,"href":"https:\/\/portalv1.com.br\/api\/wp\/v2\/categories?post=212099"},{"taxonomy":"post_tag","embeddable":true,"href":"https:\/\/portalv1.com.br\/api\/wp\/v2\/tags?post=212099"}],"curies":[{"name":"wp","href":"https:\/\/api.w.org\/{rel}","templated":true}]}}