{"id":21291,"date":"2015-06-28T22:35:38","date_gmt":"2015-06-29T01:35:38","guid":{"rendered":"https:\/\/portalv1.com.br\/?p=21291"},"modified":"2015-06-28T22:35:38","modified_gmt":"2015-06-29T01:35:38","slug":"assistencia-social-de-pimenteiras-realizara-conferencia-municipal","status":"publish","type":"post","link":"https:\/\/portalv1.com.br\/assistencia-social-de-pimenteiras-realizara-conferencia-municipal\/","title":{"rendered":"Assist\u00eancia Social de Pimenteiras realizar\u00e1 confer\u00eancia municipal"},"content":{"rendered":"<p><a href=\"https:\/\/portalv1.com.br\/app\/wp-content\/uploads\/2015\/06\/portalv1-104.jpg\"><img loading=\"lazy\" decoding=\"async\" class=\"alignright wp-image-21292 size-medium\" src=\"https:\/\/portalv1.com.br\/app\/wp-content\/uploads\/2015\/06\/portalv1-104-300x169.jpg\" alt=\"portalv1-104\" width=\"300\" height=\"169\" srcset=\"https:\/\/portalv1.com.br\/app\/wp-content\/uploads\/2015\/06\/portalv1-104-300x169.jpg 300w, https:\/\/portalv1.com.br\/app\/wp-content\/uploads\/2015\/06\/portalv1-104.jpg 640w\" sizes=\"auto, (max-width: 300px) 100vw, 300px\" \/><\/a>A Secret\u00e1ria de Assist\u00eancia Social de Pimenteiras ir\u00e1 realizar nesta quarta-feira (01) a 8\u00aa Confer\u00eancia Municipal de Assist\u00eancia Social com o tema Consolidar o SUAS de vez rumo a 2016.<\/p>\n<p>O evento que contar\u00e1 com palestras e a elei\u00e7\u00e3o de delegados para a confer\u00eancia estadual e nacional est\u00e1 marcado para o Centro Cultural Cineas Nogueira a partir das 07h:30.<\/p>\n<p>A secret\u00e1ria de assist\u00eancia social de Pimenteiras Carmelina Castro convida a sociedade civil organizada, educadores e a popula\u00e7\u00e3o em geral para a confer\u00eancia que definir\u00e1 as diretrizes para o munic\u00edpio.<\/p>\n","protected":false},"excerpt":{"rendered":"<p>A Secret\u00e1ria de Assist\u00eancia Social de Pimenteiras ir\u00e1 realizar nesta quarta-feira (01) a 8\u00aa Confer\u00eancia Municipal de Assist\u00eancia Social com o tema Consolidar o SUAS de vez rumo a 2016&#8230;.<\/p>\n","protected":false},"author":1,"featured_media":0,"comment_status":"open","ping_status":"open","sticky":false,"template":"","format":"standard","meta":{"ngg_post_thumbnail":0,"footnotes":""},"categories":[12],"tags":[],"class_list":["post-21291","post","type-post","status-publish","format-standard","hentry","category-valenca-news"],"views":138,"meta_data":{"thumb":"https:\/\/portalv1.com.br\/app\/wp-content\/uploads\/2015\/06\/portalv1-104.jpg","data":{"simple":"28\/06\/2015","date_time":"28\/06\/2015 19:35:38","date":"h\u00e1 11 anos"},"chapeu":"SEMAS ","source":"m_destacada"},"_links":{"self":[{"href":"https:\/\/portalv1.com.br\/api\/wp\/v2\/posts\/21291","targetHints":{"allow":["GET"]}}],"collection":[{"href":"https:\/\/portalv1.com.br\/api\/wp\/v2\/posts"}],"about":[{"href":"https:\/\/portalv1.com.br\/api\/wp\/v2\/types\/post"}],"author":[{"embeddable":true,"href":"https:\/\/portalv1.com.br\/api\/wp\/v2\/users\/1"}],"replies":[{"embeddable":true,"href":"https:\/\/portalv1.com.br\/api\/wp\/v2\/comments?post=21291"}],"version-history":[{"count":0,"href":"https:\/\/portalv1.com.br\/api\/wp\/v2\/posts\/21291\/revisions"}],"wp:attachment":[{"href":"https:\/\/portalv1.com.br\/api\/wp\/v2\/media?parent=21291"}],"wp:term":[{"taxonomy":"category","embeddable":true,"href":"https:\/\/portalv1.com.br\/api\/wp\/v2\/categories?post=21291"},{"taxonomy":"post_tag","embeddable":true,"href":"https:\/\/portalv1.com.br\/api\/wp\/v2\/tags?post=21291"}],"curies":[{"name":"wp","href":"https:\/\/api.w.org\/{rel}","templated":true}]}}