{"id":21304,"date":"2015-06-30T22:34:00","date_gmt":"2015-07-01T01:34:00","guid":{"rendered":"https:\/\/portalv1.com.br\/?p=21304"},"modified":"2015-07-02T11:25:58","modified_gmt":"2015-07-02T14:25:58","slug":"acidente-deixa-uma-morte-e-dois-feridos-em-lagoa-do-sitio","status":"publish","type":"post","link":"https:\/\/portalv1.com.br\/acidente-deixa-uma-morte-e-dois-feridos-em-lagoa-do-sitio\/","title":{"rendered":"Acidente deixa uma morte e dois feridos em Lagoa do Sitio"},"content":{"rendered":"<figure id=\"attachment_21305\" aria-describedby=\"caption-attachment-21305\" style=\"width: 300px\" class=\"wp-caption alignright\"><a href=\"https:\/\/portalv1.com.br\/app\/wp-content\/uploads\/2015\/06\/lagoa-do-sitio-.jpg\"><img loading=\"lazy\" decoding=\"async\" class=\"size-medium wp-image-21305\" src=\"https:\/\/portalv1.com.br\/app\/wp-content\/uploads\/2015\/06\/lagoa-do-sitio--300x225.jpg\" alt=\"Col\u00e9gio Mariano Rabelo\" width=\"300\" height=\"225\" srcset=\"https:\/\/portalv1.com.br\/app\/wp-content\/uploads\/2015\/06\/lagoa-do-sitio--300x225.jpg 300w, https:\/\/portalv1.com.br\/app\/wp-content\/uploads\/2015\/06\/lagoa-do-sitio--640x480.jpg 640w, https:\/\/portalv1.com.br\/app\/wp-content\/uploads\/2015\/06\/lagoa-do-sitio-.jpg 960w\" sizes=\"auto, (max-width: 300px) 100vw, 300px\" \/><\/a><figcaption id=\"caption-attachment-21305\" class=\"wp-caption-text\">Col\u00e9gio Mariano Rabelo<\/figcaption><\/figure>\n<p>A cidade de Lagoa do Sitio registrou mais uma trag\u00e9dia na noite desta ter\u00e7a-feira (30) com uma batida entre duas motos que deixou um saldo de uma morte e tr\u00eas feridos. Segundo o comandante do GPM de Lagoa do Sitio, sargento Lourival Barbosa, o acidente aconteceu quando uma moto (Titan 125) guiada pelo motoqueiro Francisco Olavo bateu em outra moto que estava parada na Avenida Mundico Felix pr\u00f3ximo ao col\u00e9gio Mariano Rabelo.<\/p>\n<p>Segundo o sargento Lourival Barbosa na hora da batida o menor K.J.S de 17 anos propriet\u00e1rio da moto (Bross) foi atingido.<\/p>\n<p>O carona Antonio Lisboa Ferreira da Silva de 54 anos morreu na batida. Os tr\u00eas envolvidos no acidente foram transferidos para Valen\u00e7a, sendo que o corpo da vitima Antonio Lisboa ap\u00f3s os procedimentos foi liberado para o vel\u00f3rio.<\/p>\n","protected":false},"excerpt":{"rendered":"<p>A cidade de Lagoa do Sitio registrou mais uma trag\u00e9dia na noite desta ter\u00e7a-feira (30) com uma batida entre duas motos que deixou um saldo de uma morte e tr\u00eas&#8230;<\/p>\n","protected":false},"author":1,"featured_media":0,"comment_status":"open","ping_status":"open","sticky":false,"template":"","format":"standard","meta":{"ngg_post_thumbnail":0,"footnotes":""},"categories":[12],"tags":[],"class_list":["post-21304","post","type-post","status-publish","format-standard","hentry","category-valenca-news"],"views":3308,"meta_data":{"thumb":"https:\/\/portalv1.com.br\/app\/wp-content\/uploads\/2015\/06\/lagoa-do-sitio-.jpg","data":{"simple":"30\/06\/2015","date_time":"30\/06\/2015 19:34:00","date":"h\u00e1 11 anos"},"chapeu":"Fatalidade","source":"foto_menor"},"_links":{"self":[{"href":"https:\/\/portalv1.com.br\/api\/wp\/v2\/posts\/21304","targetHints":{"allow":["GET"]}}],"collection":[{"href":"https:\/\/portalv1.com.br\/api\/wp\/v2\/posts"}],"about":[{"href":"https:\/\/portalv1.com.br\/api\/wp\/v2\/types\/post"}],"author":[{"embeddable":true,"href":"https:\/\/portalv1.com.br\/api\/wp\/v2\/users\/1"}],"replies":[{"embeddable":true,"href":"https:\/\/portalv1.com.br\/api\/wp\/v2\/comments?post=21304"}],"version-history":[{"count":0,"href":"https:\/\/portalv1.com.br\/api\/wp\/v2\/posts\/21304\/revisions"}],"wp:attachment":[{"href":"https:\/\/portalv1.com.br\/api\/wp\/v2\/media?parent=21304"}],"wp:term":[{"taxonomy":"category","embeddable":true,"href":"https:\/\/portalv1.com.br\/api\/wp\/v2\/categories?post=21304"},{"taxonomy":"post_tag","embeddable":true,"href":"https:\/\/portalv1.com.br\/api\/wp\/v2\/tags?post=21304"}],"curies":[{"name":"wp","href":"https:\/\/api.w.org\/{rel}","templated":true}]}}