{"id":21316,"date":"2015-07-01T18:16:37","date_gmt":"2015-07-01T21:16:37","guid":{"rendered":"https:\/\/portalv1.com.br\/?p=21316"},"modified":"2015-07-01T18:16:37","modified_gmt":"2015-07-01T21:16:37","slug":"travesti-e-esfaqueada-e-denuncia-ter-sido-vitima-de-transfobia","status":"publish","type":"post","link":"https:\/\/portalv1.com.br\/travesti-e-esfaqueada-e-denuncia-ter-sido-vitima-de-transfobia\/","title":{"rendered":"Travesti \u00e9 esfaqueada e denuncia ter sido v\u00edtima de transfobia"},"content":{"rendered":"<p><a href=\"https:\/\/portalv1.com.br\/app\/wp-content\/uploads\/2015\/07\/TRANSEXUAL.jpg\"><img loading=\"lazy\" decoding=\"async\" class=\"alignright size-medium wp-image-21317\" src=\"https:\/\/portalv1.com.br\/app\/wp-content\/uploads\/2015\/07\/TRANSEXUAL-300x200.jpg\" alt=\"TRANSEXUAL\" width=\"300\" height=\"200\" srcset=\"https:\/\/portalv1.com.br\/app\/wp-content\/uploads\/2015\/07\/TRANSEXUAL-300x200.jpg 300w, https:\/\/portalv1.com.br\/app\/wp-content\/uploads\/2015\/07\/TRANSEXUAL-640x426.jpg 640w, https:\/\/portalv1.com.br\/app\/wp-content\/uploads\/2015\/07\/TRANSEXUAL.jpg 750w\" sizes=\"auto, (max-width: 300px) 100vw, 300px\" \/><\/a>A delegacia\u00a0 de Prote\u00e7\u00e3o aos Direitos Humanos e de Repress\u00e3o \u00e0s Condutas Discriminat\u00f3rias est\u00e1 investigando um caso de transfobia que teria acontecido no centro de Teresina na ultima sexta-feira (26). A v\u00edtima participou hoje de evento na escola Maria do Carmo Reverdosa da Cruz, no bairro Dirceu, zona Sudeste de Teresina e relatou seu caso.<\/p>\n<p>A v\u00edtima de iniciais D.S.B.A., 43 anos, disse que estava no centro de Teresina quando foi atacada por duas travestis que chegaram a lhe esfaquear no peito.\u00a0Ela j\u00e1 prestou depoimento na delegacia, informou o nome das duas travestis suspeitas e acredita que o motivo foi crime de \u00f3dio e pode caracterizar transfobia.<\/p>\n<p>&#8220;Elas n\u00e3o t\u00eam respeito pela classe, chegaram drogadas e revoltadas e vieram armadas pra cima de mim. s\u00e3o intolerantes e denunciei na delegacia. N\u00e3o tenho medo, isso n\u00e3o pode ficar impune&#8221;.<\/p>\n<p>Ela disse que levou um corte com uma faca na altura do peito e precisou fazer uma cirurgia pl\u00e1stica. O delegado emir maia disse que vai ouvir as suspeitas e apura o caso na delegacia.<\/p>\n<p>Fonte: cidadeverde<\/p>\n","protected":false},"excerpt":{"rendered":"<p>A delegacia\u00a0 de Prote\u00e7\u00e3o aos Direitos Humanos e de Repress\u00e3o \u00e0s Condutas Discriminat\u00f3rias est\u00e1 investigando um caso de transfobia que teria acontecido no centro de Teresina na ultima sexta-feira (26)&#8230;.<\/p>\n","protected":false},"author":1,"featured_media":0,"comment_status":"open","ping_status":"open","sticky":false,"template":"","format":"standard","meta":{"ngg_post_thumbnail":0,"footnotes":""},"categories":[12],"tags":[],"class_list":["post-21316","post","type-post","status-publish","format-standard","hentry","category-valenca-news"],"views":400,"meta_data":{"thumb":"https:\/\/portalv1.com.br\/app\/wp-content\/uploads\/2015\/07\/TRANSEXUAL.jpg","data":{"simple":"01\/07\/2015","date_time":"01\/07\/2015 15:16:37","date":"h\u00e1 11 anos"},"chapeu":"Viol\u00eancia ","source":"m_destacada"},"_links":{"self":[{"href":"https:\/\/portalv1.com.br\/api\/wp\/v2\/posts\/21316","targetHints":{"allow":["GET"]}}],"collection":[{"href":"https:\/\/portalv1.com.br\/api\/wp\/v2\/posts"}],"about":[{"href":"https:\/\/portalv1.com.br\/api\/wp\/v2\/types\/post"}],"author":[{"embeddable":true,"href":"https:\/\/portalv1.com.br\/api\/wp\/v2\/users\/1"}],"replies":[{"embeddable":true,"href":"https:\/\/portalv1.com.br\/api\/wp\/v2\/comments?post=21316"}],"version-history":[{"count":0,"href":"https:\/\/portalv1.com.br\/api\/wp\/v2\/posts\/21316\/revisions"}],"wp:attachment":[{"href":"https:\/\/portalv1.com.br\/api\/wp\/v2\/media?parent=21316"}],"wp:term":[{"taxonomy":"category","embeddable":true,"href":"https:\/\/portalv1.com.br\/api\/wp\/v2\/categories?post=21316"},{"taxonomy":"post_tag","embeddable":true,"href":"https:\/\/portalv1.com.br\/api\/wp\/v2\/tags?post=21316"}],"curies":[{"name":"wp","href":"https:\/\/api.w.org\/{rel}","templated":true}]}}