{"id":21324,"date":"2015-07-02T15:34:06","date_gmt":"2015-07-02T18:34:06","guid":{"rendered":"https:\/\/portalv1.com.br\/?p=21324"},"modified":"2015-07-02T23:55:35","modified_gmt":"2015-07-03T02:55:35","slug":"hospital-de-valenca-emite-nota-sobre-cancelamento-de-licitacoes","status":"publish","type":"post","link":"https:\/\/portalv1.com.br\/hospital-de-valenca-emite-nota-sobre-cancelamento-de-licitacoes\/","title":{"rendered":"Hospital de Valen\u00e7a emite nota sobre cancelamento de licita\u00e7\u00f5es"},"content":{"rendered":"<figure id=\"attachment_21325\" aria-describedby=\"caption-attachment-21325\" style=\"width: 300px\" class=\"wp-caption alignright\"><a href=\"https:\/\/portalv1.com.br\/app\/wp-content\/uploads\/2015\/07\/hospital.jpg\"><img loading=\"lazy\" decoding=\"async\" class=\"size-medium wp-image-21325\" src=\"https:\/\/portalv1.com.br\/app\/wp-content\/uploads\/2015\/07\/hospital-300x169.jpg\" alt=\"Hospital Regional Eust\u00e1quio Portela \" width=\"300\" height=\"169\" srcset=\"https:\/\/portalv1.com.br\/app\/wp-content\/uploads\/2015\/07\/hospital-300x169.jpg 300w, https:\/\/portalv1.com.br\/app\/wp-content\/uploads\/2015\/07\/hospital-640x360.jpg 640w, https:\/\/portalv1.com.br\/app\/wp-content\/uploads\/2015\/07\/hospital.jpg 750w\" sizes=\"auto, (max-width: 300px) 100vw, 300px\" \/><\/a><figcaption id=\"caption-attachment-21325\" class=\"wp-caption-text\">Hospital Regional Eust\u00e1quio Portela<\/figcaption><\/figure>\n<p>A dire\u00e7\u00e3o do Hospital Regional Eust\u00e1quio Portela emitiu uma nota em resposta a uma mat\u00e9ria divulgada nos meios de comunica\u00e7\u00e3o do estado que dava conta do cancelamento de 11 licita\u00e7\u00f5es para a aquisi\u00e7\u00e3o de combust\u00edvel, alimentos, oxig\u00eanio, equipamentos de inform\u00e1tica, material de limpeza e de expediente. O pleito realizado no m\u00eas passado contou com a presen\u00e7a de t\u00e9cnicos do TCE-PI.<\/p>\n<p>O problema da n\u00e3o realiza\u00e7\u00e3o do processo licitat\u00f3rio segundo a dire\u00e7\u00e3o do hospital se deu pelo fato do presidente da comiss\u00e3o de licita\u00e7\u00e3o se julgar incapaz de conduzir o pleito, mesmo sendo ele integrante da mesma comiss\u00e3o na gest\u00e3o anterior e de ter garantido que estava apto para o cargo.<\/p>\n<p>\u201cO presidente assegurava que tinha o conhecimento e experi\u00eancia para conduzir os procedimentos, vez que j\u00e1 havia participado de comiss\u00f5es de licita\u00e7\u00e3o anteriormente. Somente na hora da realiza\u00e7\u00e3o das licita\u00e7\u00f5es o mesmo informou que n\u00e3o se sentia tecnicamente preparado para conduzir os trabalhos\u201d diz a nota.<\/p>\n<p>\u201cCom essa atitude do pregoeiro, o hospital se aconselhou com os t\u00e9cnicos do TCE-PI e tomou a decis\u00e3o de anular todo o processo e de formar uma nova comiss\u00e3o de licita\u00e7\u00e3o e pregoeiro, al\u00e9m de uma equipe de apoio, com pessoas de forma\u00e7\u00e3o superior e com experi\u00eancia na \u00e1rea para dar suporte a comiss\u00e3o\u201d afirmou a dire\u00e7\u00e3o. Ainda segundo a dire\u00e7\u00e3o os procedimentos licitat\u00f3rios dever\u00e3o ser realizados ainda no m\u00eas de julho e enfatizou que a decis\u00e3o de cancelar o pleito licitat\u00f3rio partiu da mesma em obedi\u00eancia aos procedimentos legais, com a mais absoluta transpar\u00eancia.<\/p>\n","protected":false},"excerpt":{"rendered":"<p>A dire\u00e7\u00e3o do Hospital Regional Eust\u00e1quio Portela emitiu uma nota em resposta a uma mat\u00e9ria divulgada nos meios de comunica\u00e7\u00e3o do estado que dava conta do cancelamento de 11 licita\u00e7\u00f5es&#8230;<\/p>\n","protected":false},"author":1,"featured_media":0,"comment_status":"open","ping_status":"open","sticky":false,"template":"","format":"standard","meta":{"ngg_post_thumbnail":0,"footnotes":""},"categories":[12],"tags":[],"class_list":["post-21324","post","type-post","status-publish","format-standard","hentry","category-valenca-news"],"views":439,"meta_data":{"thumb":"https:\/\/portalv1.com.br\/app\/wp-content\/uploads\/2015\/07\/hospital.jpg","data":{"simple":"02\/07\/2015","date_time":"02\/07\/2015 12:34:06","date":"h\u00e1 11 anos"},"chapeu":"TCE-PI","source":"foto_menor"},"_links":{"self":[{"href":"https:\/\/portalv1.com.br\/api\/wp\/v2\/posts\/21324","targetHints":{"allow":["GET"]}}],"collection":[{"href":"https:\/\/portalv1.com.br\/api\/wp\/v2\/posts"}],"about":[{"href":"https:\/\/portalv1.com.br\/api\/wp\/v2\/types\/post"}],"author":[{"embeddable":true,"href":"https:\/\/portalv1.com.br\/api\/wp\/v2\/users\/1"}],"replies":[{"embeddable":true,"href":"https:\/\/portalv1.com.br\/api\/wp\/v2\/comments?post=21324"}],"version-history":[{"count":0,"href":"https:\/\/portalv1.com.br\/api\/wp\/v2\/posts\/21324\/revisions"}],"wp:attachment":[{"href":"https:\/\/portalv1.com.br\/api\/wp\/v2\/media?parent=21324"}],"wp:term":[{"taxonomy":"category","embeddable":true,"href":"https:\/\/portalv1.com.br\/api\/wp\/v2\/categories?post=21324"},{"taxonomy":"post_tag","embeddable":true,"href":"https:\/\/portalv1.com.br\/api\/wp\/v2\/tags?post=21324"}],"curies":[{"name":"wp","href":"https:\/\/api.w.org\/{rel}","templated":true}]}}