{"id":21360,"date":"2015-07-06T23:44:08","date_gmt":"2015-07-07T02:44:08","guid":{"rendered":"https:\/\/portalv1.com.br\/?p=21360"},"modified":"2015-07-07T08:03:44","modified_gmt":"2015-07-07T11:03:44","slug":"prefeito-venicio-do-o-tem-audiencia-com-o-governador-wellington-dias","status":"publish","type":"post","link":"https:\/\/portalv1.com.br\/prefeito-venicio-do-o-tem-audiencia-com-o-governador-wellington-dias\/","title":{"rendered":"Prefeito Venicio do \u00d3 tem audi\u00eancia com o governador Wellington Dias"},"content":{"rendered":"<p>O prefeito Venicio do \u00d3 participou nessa segunda-feira (06), de uma audi\u00eancia com o governador Wellington Dias. A audi\u00eancia realizada no Pal\u00e1cio de Karnak contou com a presen\u00e7a do deputado estadual Helio Isaias.<\/p>\n<p>O governador reafirmou seu compromisso com a gest\u00e3o municipal e despachou varias reivindica\u00e7\u00f5es levadas pelo prefeito como a reforma do hospital, est\u00e1dio municipal com ilumina\u00e7\u00e3o, Pra\u00e7a do Abrigo, asfaltamento da avenida principal, al\u00e9m de uma emenda do deputado Helio Isaias para as comemora\u00e7\u00f5es dos 61 anos de emancipa\u00e7\u00e3o pol\u00edtica comemorados no pr\u00f3ximo dia 25 de julho.<\/p>\n<p>As reivindica\u00e7\u00f5es tamb\u00e9m beneficiaram a zona rural como a perfura\u00e7\u00e3o de um po\u00e7o na comunidade Baixio e Campos, abastecimento d\u2019\u00e1gua da comunidade Malhada da Arreia, \u00a0Serra Nova, Jureminha e cal\u00e7amento para comunidade Lagoa do Barbosa.<\/p>\n<p>Venicio do \u00d3 agradeceu o carinho do governador com Pimenteiras. \u201cO governador se mostrou muito sens\u00edvel com todas as nossas reivindica\u00e7\u00f5es. Tenho certeza que esses compromissos ser\u00e3o honrados e que nossa popula\u00e7\u00e3o ter\u00e1 muito o que comemorar com essa parceria\u201d pontuou. O prefeito destacou ainda o trabalho do deputado Helio Isaias que juntamente com o deputado Paes Landim v\u00eam fazendo um grande trabalho pelo munic\u00edpio.<\/p>\n<p><strong><div class=\"ngg-galleryoverview\" data-widget=\"Galeria\" data-props='{&quot;galeria&quot;:{&quot;gallery_id&quot;:1879,&quot;total&quot;:7,&quot;max_page&quot;:1,&quot;page&quot;:1,&quot;images&quot;:[{&quot;pid&quot;:39419,&quot;imageURL&quot;:&quot;https:\\\/\\\/portalv1.com.br\\\/app\\\/wp-content\\\/gallery\\\/venicioer\\\/img-20150706-wa0013-copy.jpg?t=1723116080&quot;,&quot;thumbnailURL&quot;:&quot;https:\\\/\\\/portalv1.com.br\\\/app\\\/wp-content\\\/gallery\\\/venicioer\\\/thumbs\\\/thumbs_img-20150706-wa0013-copy.jpg?t=1723116080&quot;,&quot;description&quot;:&quot; &quot;,&quot;alttext&quot;:&quot;img-20150706-wa0013-copy&quot;,&quot;style&quot;:&quot;&quot;},{&quot;pid&quot;:39420,&quot;imageURL&quot;:&quot;https:\\\/\\\/portalv1.com.br\\\/app\\\/wp-content\\\/gallery\\\/venicioer\\\/img-20150706-wa0014-copy.jpg?t=1723116117&quot;,&quot;thumbnailURL&quot;:&quot;https:\\\/\\\/portalv1.com.br\\\/app\\\/wp-content\\\/gallery\\\/venicioer\\\/thumbs\\\/thumbs_img-20150706-wa0014-copy.jpg?t=1723116117&quot;,&quot;description&quot;:&quot; &quot;,&quot;alttext&quot;:&quot;img-20150706-wa0014-copy&quot;,&quot;style&quot;:&quot;&quot;},{&quot;pid&quot;:39421,&quot;imageURL&quot;:&quot;https:\\\/\\\/portalv1.com.br\\\/app\\\/wp-content\\\/gallery\\\/venicioer\\\/img-20150706-wa0015-copy.jpg?t=1723116553&quot;,&quot;thumbnailURL&quot;:&quot;https:\\\/\\\/portalv1.com.br\\\/app\\\/wp-content\\\/gallery\\\/venicioer\\\/thumbs\\\/thumbs_img-20150706-wa0015-copy.jpg?t=1723116553&quot;,&quot;description&quot;:&quot; &quot;,&quot;alttext&quot;:&quot;img-20150706-wa0015-copy&quot;,&quot;style&quot;:&quot;&quot;},{&quot;pid&quot;:39422,&quot;imageURL&quot;:&quot;https:\\\/\\\/portalv1.com.br\\\/app\\\/wp-content\\\/gallery\\\/venicioer\\\/img-20150706-wa0016-copy.jpg?t=1723114474&quot;,&quot;thumbnailURL&quot;:&quot;https:\\\/\\\/portalv1.com.br\\\/app\\\/wp-content\\\/gallery\\\/venicioer\\\/thumbs\\\/thumbs_img-20150706-wa0016-copy.jpg?t=1723114474&quot;,&quot;description&quot;:&quot; &quot;,&quot;alttext&quot;:&quot;img-20150706-wa0016-copy&quot;,&quot;style&quot;:&quot;&quot;},{&quot;pid&quot;:39423,&quot;imageURL&quot;:&quot;https:\\\/\\\/portalv1.com.br\\\/app\\\/wp-content\\\/gallery\\\/venicioer\\\/img-20150706-wa0017-copy.jpg?t=1723116163&quot;,&quot;thumbnailURL&quot;:&quot;https:\\\/\\\/portalv1.com.br\\\/app\\\/wp-content\\\/gallery\\\/venicioer\\\/thumbs\\\/thumbs_img-20150706-wa0017-copy.jpg?t=1723116163&quot;,&quot;description&quot;:&quot; &quot;,&quot;alttext&quot;:&quot;img-20150706-wa0017-copy&quot;,&quot;style&quot;:&quot;&quot;},{&quot;pid&quot;:39424,&quot;imageURL&quot;:&quot;https:\\\/\\\/portalv1.com.br\\\/app\\\/wp-content\\\/gallery\\\/venicioer\\\/01.jpg?t=1723116442&quot;,&quot;thumbnailURL&quot;:&quot;https:\\\/\\\/portalv1.com.br\\\/app\\\/wp-content\\\/gallery\\\/venicioer\\\/thumbs\\\/thumbs_01.jpg?t=1723116442&quot;,&quot;description&quot;:&quot; &quot;,&quot;alttext&quot;:&quot;01&quot;,&quot;style&quot;:&quot;&quot;},{&quot;pid&quot;:39425,&quot;imageURL&quot;:&quot;https:\\\/\\\/portalv1.com.br\\\/app\\\/wp-content\\\/gallery\\\/venicioer\\\/02.jpg?t=1723116324&quot;,&quot;thumbnailURL&quot;:&quot;https:\\\/\\\/portalv1.com.br\\\/app\\\/wp-content\\\/gallery\\\/venicioer\\\/thumbs\\\/thumbs_02.jpg?t=1723116324&quot;,&quot;description&quot;:&quot; &quot;,&quot;alttext&quot;:&quot;02&quot;,&quot;style&quot;:&quot;&quot;}]}}'><\/div><\/strong>.<\/p>\n","protected":false},"excerpt":{"rendered":"<p>O prefeito Venicio do \u00d3 participou nessa segunda-feira (06), de uma audi\u00eancia com o governador Wellington Dias. A audi\u00eancia realizada no Pal\u00e1cio de Karnak contou com a presen\u00e7a do deputado&#8230;<\/p>\n","protected":false},"author":1,"featured_media":21361,"comment_status":"open","ping_status":"open","sticky":false,"template":"","format":"standard","meta":{"ngg_post_thumbnail":0,"footnotes":""},"categories":[12],"tags":[],"class_list":["post-21360","post","type-post","status-publish","format-standard","has-post-thumbnail","hentry","category-valenca-news"],"views":425,"meta_data":{"thumb":"https:\/\/portalv1.com.br\/app\/wp-content\/uploads\/2015\/07\/venicio.jpg","imagem":{"fullsize":{"url":"https:\/\/portalv1.com.br\/app\/wp-content\/uploads\/2015\/07\/venicio.jpg","width":640,"height":426},"thumbnail":{"url":"https:\/\/portalv1.com.br\/app\/wp-content\/uploads\/2015\/07\/venicio-100x100.jpg","width":100,"height":100},"medium":{"url":"https:\/\/portalv1.com.br\/app\/wp-content\/uploads\/2015\/07\/venicio-300x200.jpg","width":300,"height":200},"large":{"url":"https:\/\/portalv1.com.br\/app\/wp-content\/uploads\/2015\/07\/venicio-640x426.jpg","width":640,"height":426}},"data":{"simple":"06\/07\/2015","date_time":"06\/07\/2015 20:44:08","date":"h\u00e1 11 anos"},"chapeu":"Audi\u00eancia oficial","source":"slide"},"_links":{"self":[{"href":"https:\/\/portalv1.com.br\/api\/wp\/v2\/posts\/21360","targetHints":{"allow":["GET"]}}],"collection":[{"href":"https:\/\/portalv1.com.br\/api\/wp\/v2\/posts"}],"about":[{"href":"https:\/\/portalv1.com.br\/api\/wp\/v2\/types\/post"}],"author":[{"embeddable":true,"href":"https:\/\/portalv1.com.br\/api\/wp\/v2\/users\/1"}],"replies":[{"embeddable":true,"href":"https:\/\/portalv1.com.br\/api\/wp\/v2\/comments?post=21360"}],"version-history":[{"count":0,"href":"https:\/\/portalv1.com.br\/api\/wp\/v2\/posts\/21360\/revisions"}],"wp:featuredmedia":[{"embeddable":true,"href":"https:\/\/portalv1.com.br\/api\/wp\/v2\/media\/21361"}],"wp:attachment":[{"href":"https:\/\/portalv1.com.br\/api\/wp\/v2\/media?parent=21360"}],"wp:term":[{"taxonomy":"category","embeddable":true,"href":"https:\/\/portalv1.com.br\/api\/wp\/v2\/categories?post=21360"},{"taxonomy":"post_tag","embeddable":true,"href":"https:\/\/portalv1.com.br\/api\/wp\/v2\/tags?post=21360"}],"curies":[{"name":"wp","href":"https:\/\/api.w.org\/{rel}","templated":true}]}}