{"id":21406,"date":"2015-07-15T14:23:22","date_gmt":"2015-07-15T17:23:22","guid":{"rendered":"https:\/\/portalv1.com.br\/?p=21406"},"modified":"2015-07-17T10:15:19","modified_gmt":"2015-07-17T13:15:19","slug":"prefeitura-de-pimenteiras-divulga-programacao-do-aniversario","status":"publish","type":"post","link":"https:\/\/portalv1.com.br\/prefeitura-de-pimenteiras-divulga-programacao-do-aniversario\/","title":{"rendered":"Prefeitura de Pimenteiras divulga programa\u00e7\u00e3o do aniversario"},"content":{"rendered":"<p><a href=\"https:\/\/portalv1.com.br\/app\/wp-content\/uploads\/2015\/07\/aaaa.jpg\"><img loading=\"lazy\" decoding=\"async\" class=\"aligncenter size-large wp-image-21408\" src=\"https:\/\/portalv1.com.br\/app\/wp-content\/uploads\/2015\/07\/aaaa-640x480.jpg\" alt=\"aaaa\" width=\"640\" height=\"480\" srcset=\"https:\/\/portalv1.com.br\/app\/wp-content\/uploads\/2015\/07\/aaaa-640x480.jpg 640w, https:\/\/portalv1.com.br\/app\/wp-content\/uploads\/2015\/07\/aaaa-300x225.jpg 300w, https:\/\/portalv1.com.br\/app\/wp-content\/uploads\/2015\/07\/aaaa.jpg 960w\" sizes=\"auto, (max-width: 640px) 100vw, 640px\" \/><\/a><\/p>\n<p>&nbsp;<\/p>\n<p>A cidade de Pimenteiras comemora no dia 25 de julho, 61 anos de emancipa\u00e7\u00e3o pol\u00edtica. A prefeitura municipal divulgou a programa\u00e7\u00e3o festiva que come\u00e7a na sexta-feira, dia 24 com quatro atra\u00e7\u00f5es musicais do primeiro time da musica brasileira. Dorgival Dantas, Frank Aguiar, Vicente Nery e Frank Camasso s\u00e3o atra\u00e7\u00f5es da primeira noite de festa.<\/p>\n<p>No s\u00e1bado dia 25, duas atra\u00e7\u00f5es subir\u00e3o ao palco central, o cantor Berg Lima e a Orquestra Sinf\u00f4nica de Teresina com todos os seus componentes. O prefeito Venicio do \u00d3 juntamente com sua equipe administrativa preparou uma serie de eventos paralelos envolvendo as secretarias municipais que envolver\u00e3o a comunidade nos dias de festa.<\/p>\n<p>\u00c9 esperado para o evento um grande numero de turistas de todas as partes do estado, al\u00e9m de autoridades estaduais e prefeitos da regi\u00e3o valenciana para a festa que acontecer\u00e1 em pra\u00e7a publica.<\/p>\n","protected":false},"excerpt":{"rendered":"<p>&nbsp; A cidade de Pimenteiras comemora no dia 25 de julho, 61 anos de emancipa\u00e7\u00e3o pol\u00edtica. A prefeitura municipal divulgou a programa\u00e7\u00e3o festiva que come\u00e7a na sexta-feira, dia 24 com&#8230;<\/p>\n","protected":false},"author":1,"featured_media":0,"comment_status":"open","ping_status":"open","sticky":false,"template":"","format":"standard","meta":{"ngg_post_thumbnail":0,"footnotes":""},"categories":[245,12],"tags":[],"class_list":["post-21406","post","type-post","status-publish","format-standard","hentry","category-entretenimento","category-valenca-news"],"views":1193,"meta_data":{"thumb":"https:\/\/portalv1.com.br\/app\/wp-content\/uploads\/2015\/07\/aaaa.jpg","data":{"simple":"15\/07\/2015","date_time":"15\/07\/2015 11:23:22","date":"h\u00e1 11 anos"},"chapeu":"24 e 25 de julho ","source":"retirar"},"_links":{"self":[{"href":"https:\/\/portalv1.com.br\/api\/wp\/v2\/posts\/21406","targetHints":{"allow":["GET"]}}],"collection":[{"href":"https:\/\/portalv1.com.br\/api\/wp\/v2\/posts"}],"about":[{"href":"https:\/\/portalv1.com.br\/api\/wp\/v2\/types\/post"}],"author":[{"embeddable":true,"href":"https:\/\/portalv1.com.br\/api\/wp\/v2\/users\/1"}],"replies":[{"embeddable":true,"href":"https:\/\/portalv1.com.br\/api\/wp\/v2\/comments?post=21406"}],"version-history":[{"count":0,"href":"https:\/\/portalv1.com.br\/api\/wp\/v2\/posts\/21406\/revisions"}],"wp:attachment":[{"href":"https:\/\/portalv1.com.br\/api\/wp\/v2\/media?parent=21406"}],"wp:term":[{"taxonomy":"category","embeddable":true,"href":"https:\/\/portalv1.com.br\/api\/wp\/v2\/categories?post=21406"},{"taxonomy":"post_tag","embeddable":true,"href":"https:\/\/portalv1.com.br\/api\/wp\/v2\/tags?post=21406"}],"curies":[{"name":"wp","href":"https:\/\/api.w.org\/{rel}","templated":true}]}}