{"id":214504,"date":"2024-08-12T12:24:09","date_gmt":"2024-08-12T15:24:09","guid":{"rendered":"https:\/\/portalv1.com.br\/?p=214504"},"modified":"2024-08-12T12:24:09","modified_gmt":"2024-08-12T15:24:09","slug":"policia-federal-deflagrou-operacao-contra-abuso-sexual-infanto-juvenil-em-valenca-e-picos","status":"publish","type":"post","link":"https:\/\/portalv1.com.br\/policia-federal-deflagrou-operacao-contra-abuso-sexual-infanto-juvenil-em-valenca-e-picos\/","title":{"rendered":"Policia Federal deflagrou opera\u00e7\u00e3o contra abuso sexual infanto-juvenil em Valen\u00e7a e Picos"},"content":{"rendered":"<p>A Pol\u00edcia Federal deflagrou as Opera\u00e7\u00f5es Carcar\u00e1 7 e 8, na ultima &nbsp;quarta-feira (7\/8), na cidade de Picos, e quinta-feira (8\/8), no munic\u00edpio de Valen\u00e7a\/PI, respectivamente. O objetivo \u00e9 proteger v\u00edtimas de abuso sexual infantil, ao interromper crimes de armazenamento e produ\u00e7\u00e3o de imagens com conte\u00fado sexual infantojuvenil por meio da Internet.<\/p>\n<p>Equipes de Policiais Federais cumpriram um mandado de busca e apreens\u00e3o em cada um das opera\u00e7\u00f5es deflagradas. Os mandados foram expedidos pela 3\u00aa Vara Criminal Federal\/PI.<\/p>\n<p>Apurou-se que, ao longo dos \u00faltimos anos, os investigados adquiriram, possu\u00edram, armazenaram v\u00eddeos e imagens de conte\u00fado de viol\u00eancia sexual infantojuvenil. No caso de Picos\/PI, o investigado \u00e9 suspeito ainda de produzir imagens de nudez de crian\u00e7a com finalidade sexual. At\u00e9 o momento, colheu-se fortes ind\u00edcios de autoria e materialidade criminosa. Ressalta-se que, apesar do teor semelhante, n\u00e3o h\u00e1 rela\u00e7\u00e3o entre os investigados, tratando-se de a\u00e7\u00f5es policiais distintas.<\/p>\n<p><em>Fonte: Pol\u00edcia Federal no Piau\u00ed<\/em><\/p>\n","protected":false},"excerpt":{"rendered":"<p>A Pol\u00edcia Federal deflagrou as Opera\u00e7\u00f5es Carcar\u00e1 7 e 8, na ultima &nbsp;quarta-feira (7\/8), na cidade de Picos, e quinta-feira (8\/8), no munic\u00edpio de Valen\u00e7a\/PI, respectivamente. O objetivo \u00e9 proteger&#8230;<\/p>\n","protected":false},"author":1,"featured_media":214505,"comment_status":"open","ping_status":"open","sticky":false,"template":"","format":"standard","meta":{"ngg_post_thumbnail":0,"footnotes":""},"categories":[243],"tags":[],"class_list":["post-214504","post","type-post","status-publish","format-standard","has-post-thumbnail","hentry","category-geral"],"views":613,"meta_data":{"thumb":"https:\/\/portalv1.com.br\/app\/wp-content\/uploads\/2024\/08\/hacker.jpeg","imagem":{"fullsize":{"url":"https:\/\/portalv1.com.br\/app\/wp-content\/uploads\/2024\/08\/hacker.jpeg","width":768,"height":442},"medium":{"url":"https:\/\/portalv1.com.br\/app\/wp-content\/uploads\/2024\/08\/hacker-300x173.jpeg","width":300,"height":173},"large":{"url":"https:\/\/portalv1.com.br\/app\/wp-content\/uploads\/2024\/08\/hacker-640x368.jpeg","width":640,"height":368},"thumbnail":{"url":"https:\/\/portalv1.com.br\/app\/wp-content\/uploads\/2024\/08\/hacker-100x100.jpeg","width":100,"height":100}},"data":{"simple":"12\/08\/2024","date_time":"12\/08\/2024 09:24:09","date":"h\u00e1 2 anos"},"chapeu":"Saiba mais","source":"slide"},"_links":{"self":[{"href":"https:\/\/portalv1.com.br\/api\/wp\/v2\/posts\/214504","targetHints":{"allow":["GET"]}}],"collection":[{"href":"https:\/\/portalv1.com.br\/api\/wp\/v2\/posts"}],"about":[{"href":"https:\/\/portalv1.com.br\/api\/wp\/v2\/types\/post"}],"author":[{"embeddable":true,"href":"https:\/\/portalv1.com.br\/api\/wp\/v2\/users\/1"}],"replies":[{"embeddable":true,"href":"https:\/\/portalv1.com.br\/api\/wp\/v2\/comments?post=214504"}],"version-history":[{"count":0,"href":"https:\/\/portalv1.com.br\/api\/wp\/v2\/posts\/214504\/revisions"}],"wp:featuredmedia":[{"embeddable":true,"href":"https:\/\/portalv1.com.br\/api\/wp\/v2\/media\/214505"}],"wp:attachment":[{"href":"https:\/\/portalv1.com.br\/api\/wp\/v2\/media?parent=214504"}],"wp:term":[{"taxonomy":"category","embeddable":true,"href":"https:\/\/portalv1.com.br\/api\/wp\/v2\/categories?post=214504"},{"taxonomy":"post_tag","embeddable":true,"href":"https:\/\/portalv1.com.br\/api\/wp\/v2\/tags?post=214504"}],"curies":[{"name":"wp","href":"https:\/\/api.w.org\/{rel}","templated":true}]}}