{"id":21468,"date":"2015-07-23T09:17:58","date_gmt":"2015-07-23T12:17:58","guid":{"rendered":"https:\/\/portalv1.com.br\/?p=21468"},"modified":"2015-07-23T09:17:58","modified_gmt":"2015-07-23T12:17:58","slug":"wellington-negocia-investimentos-para-o-piaui-nos-estados-unidos","status":"publish","type":"post","link":"https:\/\/portalv1.com.br\/wellington-negocia-investimentos-para-o-piaui-nos-estados-unidos\/","title":{"rendered":"Wellington negocia investimentos para o Piau\u00ed nos Estados Unidos"},"content":{"rendered":"<p>Em raz\u00e3o da viagem que far\u00e1 para os Estados Unidos, onde negociar\u00e1 recurso de US$ 900 milh\u00f5es junto ao Banco Mundial para investimentos em infraestrutura, seguran\u00e7a, educa\u00e7\u00e3o, turismo, desenvolvimento rural e regulariza\u00e7\u00e3o fundi\u00e1ria para o Piau\u00ed, o governador Wellington Dias transferiu o cargo de chefe do executivo estadual \u00e0 vice-governadora Margarete Coelho, na manh\u00e3 desta quarta-feira (22).<\/p>\n<p>A transmiss\u00e3o do cargo configura um momento singular para o Piau\u00ed, que passa a ser comandado, pela primeira vez na hist\u00f3ria, por uma mulher. Na ocasi\u00e3o, a governadora em exerc\u00edcio afirmou que assume o cargo com responsabilidade e destacou a import\u00e2ncia do momento, que \u00e9 de avan\u00e7o das conquistas das mulheres do Piau\u00ed na luta pela igualdade de direitos e de oportunidades.<\/p>\n<p>\u201cTenho vontade e coragem de fazer cada vez mais e melhor pelo meu Estado, por isso recebo o cargo com muita responsabilidade\u201d, ressaltou Margarete.<\/p>\n<p>Agora empossada, a governadora interina afirmou que voltar\u00e1 a se reunir com os governadores do Nordeste e a presidenta Dilma Rousseff, no pr\u00f3ximo dia 30, para tratar de temas como a seguran\u00e7a da mulher e medidas necess\u00e1rias para reduzir os \u00edndices de viol\u00eancia recorrentes no estado.<\/p>\n<p>\u201cDarei continuidade \u00e0s a\u00e7\u00f5es com os governadores do Nordeste. A ideia \u00e9 prosseguir com os projetos que foram elaborados e trabalhar junto ao Governo Federal e \u00e0 presidenta Dilma\u201d, garantiu.<\/p>\n<p>Durante a transmiss\u00e3o da posse, o governador ressaltou que o objetivo da viagem aos Estados Unidos \u00e9 cumprir uma agenda administrativa, participando de reuni\u00f5es com dirigentes do Banco Mundial, da C\u00e2mara de Desenvolvimento do Brasil e Estados Unidos e do Banco Interamericano.<\/p>\n<p>Uma das pautas da reuni\u00e3o \u00e9 tratar da retomada do Programa de Desenvolvimento do Turismo (Prodetur) nos estados do Nordeste.<\/p>\n<p>\u201cCom o Banco Mundial, vou tratar do onvestimento, j\u00e1 autorizado, para trazer recursos para educa\u00e7\u00e3o, seguran\u00e7a, sa\u00fade, desenvolvimento rural e infraestrutura. Pretendo tratar tamb\u00e9m de investimentos em agroneg\u00f3cio, energias renov\u00e1veis e g\u00e1s e petr\u00f3leo na Bacia do Parna\u00edba\u201d, explicou Dias.<\/p>\n<p>Fonte: Cidadeverde<\/p>\n","protected":false},"excerpt":{"rendered":"<p>Em raz\u00e3o da viagem que far\u00e1 para os Estados Unidos, onde negociar\u00e1 recurso de US$ 900 milh\u00f5es junto ao Banco Mundial para investimentos em infraestrutura, seguran\u00e7a, educa\u00e7\u00e3o, turismo, desenvolvimento rural&#8230;<\/p>\n","protected":false},"author":1,"featured_media":21469,"comment_status":"open","ping_status":"open","sticky":false,"template":"","format":"standard","meta":{"ngg_post_thumbnail":0,"footnotes":""},"categories":[12],"tags":[],"class_list":["post-21468","post","type-post","status-publish","format-standard","has-post-thumbnail","hentry","category-valenca-news"],"views":172,"meta_data":{"thumb":"https:\/\/portalv1.com.br\/app\/wp-content\/uploads\/2015\/07\/dsc_0557-copy.jpg","imagem":{"fullsize":{"url":"https:\/\/portalv1.com.br\/app\/wp-content\/uploads\/2015\/07\/dsc_0557-copy.jpg","width":640,"height":427},"thumbnail":{"url":"https:\/\/portalv1.com.br\/app\/wp-content\/uploads\/2015\/07\/dsc_0557-copy-100x100.jpg","width":100,"height":100},"medium":{"url":"https:\/\/portalv1.com.br\/app\/wp-content\/uploads\/2015\/07\/dsc_0557-copy-300x200.jpg","width":300,"height":200},"large":{"url":"https:\/\/portalv1.com.br\/app\/wp-content\/uploads\/2015\/07\/dsc_0557-copy-640x427.jpg","width":640,"height":427}},"data":{"simple":"23\/07\/2015","date_time":"23\/07\/2015 06:17:58","date":"h\u00e1 11 anos"},"chapeu":"Governo do Estado","source":"m_destacada"},"_links":{"self":[{"href":"https:\/\/portalv1.com.br\/api\/wp\/v2\/posts\/21468","targetHints":{"allow":["GET"]}}],"collection":[{"href":"https:\/\/portalv1.com.br\/api\/wp\/v2\/posts"}],"about":[{"href":"https:\/\/portalv1.com.br\/api\/wp\/v2\/types\/post"}],"author":[{"embeddable":true,"href":"https:\/\/portalv1.com.br\/api\/wp\/v2\/users\/1"}],"replies":[{"embeddable":true,"href":"https:\/\/portalv1.com.br\/api\/wp\/v2\/comments?post=21468"}],"version-history":[{"count":0,"href":"https:\/\/portalv1.com.br\/api\/wp\/v2\/posts\/21468\/revisions"}],"wp:featuredmedia":[{"embeddable":true,"href":"https:\/\/portalv1.com.br\/api\/wp\/v2\/media\/21469"}],"wp:attachment":[{"href":"https:\/\/portalv1.com.br\/api\/wp\/v2\/media?parent=21468"}],"wp:term":[{"taxonomy":"category","embeddable":true,"href":"https:\/\/portalv1.com.br\/api\/wp\/v2\/categories?post=21468"},{"taxonomy":"post_tag","embeddable":true,"href":"https:\/\/portalv1.com.br\/api\/wp\/v2\/tags?post=21468"}],"curies":[{"name":"wp","href":"https:\/\/api.w.org\/{rel}","templated":true}]}}