{"id":215188,"date":"2024-08-19T11:42:54","date_gmt":"2024-08-19T14:42:54","guid":{"rendered":"https:\/\/portalv1.com.br\/?p=215188"},"modified":"2024-08-19T11:49:19","modified_gmt":"2024-08-19T14:49:19","slug":"prefeitura-de-valenca-do-piaui-promove-campanha-de-vacinacao-antirrabica","status":"publish","type":"post","link":"https:\/\/portalv1.com.br\/prefeitura-de-valenca-do-piaui-promove-campanha-de-vacinacao-antirrabica\/","title":{"rendered":"Prefeitura de Valen\u00e7a do Piau\u00ed promove campanha de vacina\u00e7\u00e3o Antirr\u00e1bica"},"content":{"rendered":"<p>A Prefeitura Municipal de Valen\u00e7a do Piau\u00ed, por meio da Secretaria de Sa\u00fade, realizar\u00e1 no pr\u00f3ximo dia 24 de agosto a campanha anual de vacina\u00e7\u00e3o antirr\u00e1bica, destinada a c\u00e3es e gatos. O objetivo \u00e9 imunizar os animais dom\u00e9sticos contra a raiva, uma doen\u00e7a viral grave que pode afetar tanto os animais quanto os seres humanos.<\/p>\n<p>O informe da Secretaria de Sa\u00fade explica que c\u00e3es e gatos devem receber a primeira dose da vacina a partir dos tr\u00eas meses de idade. \u00c9 essencial que, no dia da campanha, os tutores sigam algumas recomenda\u00e7\u00f5es para garantir a seguran\u00e7a e o bom andamento do processo de vacina\u00e7\u00e3o:<\/p>\n<p>C\u00e3es: Devem estar com coleira e guia.<\/p>\n<p>Gatos: Devem ser transportados em caixas apropriadas.<\/p>\n<p>Animais Agressivos: \u00c9 obrigat\u00f3rio o uso de focinheira.<\/p>\n<p>Para facilitar o acesso da popula\u00e7\u00e3o, a vacina\u00e7\u00e3o ser\u00e1 realizada em v\u00e1rios pontos estrat\u00e9gicos da cidade. Confira os locais dispon\u00edveis: Amando Lima, Vale Verde, I\u00eada, Lavanderia, Abrigo, Valentim (CSU), Regional, Novo Horizonte (posto de sa\u00fade e CAIC), Centro, Morada Nova e Barrinha.<\/p>\n<p><a href=\"https:\/\/portalv1.com.br\/app\/wp-content\/uploads\/2024\/08\/WhatsApp-Image-2024-08-19-at-10.41.18.jpeg\"><img loading=\"lazy\" decoding=\"async\" class=\"aligncenter size-full wp-image-215186\" src=\"https:\/\/portalv1.com.br\/app\/wp-content\/uploads\/2024\/08\/WhatsApp-Image-2024-08-19-at-10.41.18.jpeg\" alt=\"\" width=\"1024\" height=\"1280\" srcset=\"https:\/\/portalv1.com.br\/app\/wp-content\/uploads\/2024\/08\/WhatsApp-Image-2024-08-19-at-10.41.18.jpeg 1024w, https:\/\/portalv1.com.br\/app\/wp-content\/uploads\/2024\/08\/WhatsApp-Image-2024-08-19-at-10.41.18-300x375.jpeg 300w, https:\/\/portalv1.com.br\/app\/wp-content\/uploads\/2024\/08\/WhatsApp-Image-2024-08-19-at-10.41.18-640x800.jpeg 640w, https:\/\/portalv1.com.br\/app\/wp-content\/uploads\/2024\/08\/WhatsApp-Image-2024-08-19-at-10.41.18-768x960.jpeg 768w\" sizes=\"auto, (max-width: 1024px) 100vw, 1024px\" \/><\/a><\/p>\n<p>Por Fabiana Santos<\/p>\n","protected":false},"excerpt":{"rendered":"<p>A Prefeitura Municipal de Valen\u00e7a do Piau\u00ed, por meio da Secretaria de Sa\u00fade, realizar\u00e1 no pr\u00f3ximo dia 24 de agosto a campanha anual de vacina\u00e7\u00e3o antirr\u00e1bica, destinada a c\u00e3es e&#8230;<\/p>\n","protected":false},"author":1,"featured_media":215192,"comment_status":"open","ping_status":"open","sticky":false,"template":"","format":"standard","meta":{"ngg_post_thumbnail":0,"footnotes":""},"categories":[243],"tags":[],"class_list":["post-215188","post","type-post","status-publish","format-standard","has-post-thumbnail","hentry","category-geral"],"views":287,"meta_data":{"thumb":"https:\/\/portalv1.com.br\/app\/wp-content\/uploads\/2024\/08\/WhatsApp-Image-2024-08-19-at-11.48.36.jpeg","imagem":{"fullsize":{"url":"https:\/\/portalv1.com.br\/app\/wp-content\/uploads\/2024\/08\/WhatsApp-Image-2024-08-19-at-11.48.36.jpeg","width":422,"height":400},"medium":{"url":"https:\/\/portalv1.com.br\/app\/wp-content\/uploads\/2024\/08\/WhatsApp-Image-2024-08-19-at-11.48.36-300x284.jpeg","width":300,"height":284},"thumbnail":{"url":"https:\/\/portalv1.com.br\/app\/wp-content\/uploads\/2024\/08\/WhatsApp-Image-2024-08-19-at-11.48.36-100x100.jpeg","width":100,"height":100}},"data":{"simple":"19\/08\/2024","date_time":"19\/08\/2024 08:42:54","date":"h\u00e1 2 anos"},"chapeu":"Antirr\u00e1bica","source":"slide"},"_links":{"self":[{"href":"https:\/\/portalv1.com.br\/api\/wp\/v2\/posts\/215188","targetHints":{"allow":["GET"]}}],"collection":[{"href":"https:\/\/portalv1.com.br\/api\/wp\/v2\/posts"}],"about":[{"href":"https:\/\/portalv1.com.br\/api\/wp\/v2\/types\/post"}],"author":[{"embeddable":true,"href":"https:\/\/portalv1.com.br\/api\/wp\/v2\/users\/1"}],"replies":[{"embeddable":true,"href":"https:\/\/portalv1.com.br\/api\/wp\/v2\/comments?post=215188"}],"version-history":[{"count":0,"href":"https:\/\/portalv1.com.br\/api\/wp\/v2\/posts\/215188\/revisions"}],"wp:featuredmedia":[{"embeddable":true,"href":"https:\/\/portalv1.com.br\/api\/wp\/v2\/media\/215192"}],"wp:attachment":[{"href":"https:\/\/portalv1.com.br\/api\/wp\/v2\/media?parent=215188"}],"wp:term":[{"taxonomy":"category","embeddable":true,"href":"https:\/\/portalv1.com.br\/api\/wp\/v2\/categories?post=215188"},{"taxonomy":"post_tag","embeddable":true,"href":"https:\/\/portalv1.com.br\/api\/wp\/v2\/tags?post=215188"}],"curies":[{"name":"wp","href":"https:\/\/api.w.org\/{rel}","templated":true}]}}