{"id":215447,"date":"2024-08-22T13:12:10","date_gmt":"2024-08-22T16:12:10","guid":{"rendered":"https:\/\/portalv1.com.br\/?p=215447"},"modified":"2024-08-22T13:18:14","modified_gmt":"2024-08-22T16:18:14","slug":"cantora-diana-morre-aos-76-anos-no-rio-de-janeiro","status":"publish","type":"post","link":"https:\/\/portalv1.com.br\/cantora-diana-morre-aos-76-anos-no-rio-de-janeiro\/","title":{"rendered":"Cantora Diana morre aos 76 anos no Rio de Janeiro"},"content":{"rendered":"<p>Morreu nesta quarta-feira (21) a cantora Diana, reconhecida como uma das maiores vozes da can\u00e7\u00e3o rom\u00e2ntica brasileira. A not\u00edcia foi confirmada pelo filho da artista, Andr\u00e9 Iorio, nas redes sociais.<\/p>\n<p>Segundo ele, Diana foi encontrada sem vida nas primeiras horas desta quarta-feira. Moradora da cidade de Araruama, no Rio de Janeiro, a cantora de 76 anos chegou a ser levada para um pronto-atendimento de Iguaba Grande, munic\u00edpio vizinho, mas as manobras de reanima\u00e7\u00e3o n\u00e3o surtiram efeito.<\/p>\n<p>\u201cVou sentir muita saudade de voc\u00ea. Das suas brigas, da sua genialidade forte, das suas conversas, e das suas aventuras de shows pelo Nordeste, onde voc\u00ea se apresentava para o povo do Brasil&#8221;, escreveu nas redes sociais.<div class=\"content-iframe\" data-content-width=\"600\"><iframe loading=\"lazy\" title=\"YouTube video player\" src=\"https:\/\/www.youtube.com\/embed\/HAXe5Dk7p50?si=-paLPmVWZ_Z9MNQ1\" width=\"560\" height=\"315\" frameborder=\"0\" allowfullscreen=\"allowfullscreen\"><\/iframe><\/div><\/p>\n<p>&nbsp;<\/p>\n<p>Fonte: Zero Hora<\/p>\n<p>&nbsp;<\/p>\n","protected":false},"excerpt":{"rendered":"<p>Morreu nesta quarta-feira (21) a cantora Diana, reconhecida como uma das maiores vozes da can\u00e7\u00e3o rom\u00e2ntica brasileira. A not\u00edcia foi confirmada pelo filho da artista, Andr\u00e9 Iorio, nas redes sociais&#8230;.<\/p>\n","protected":false},"author":1,"featured_media":215448,"comment_status":"open","ping_status":"open","sticky":false,"template":"","format":"standard","meta":{"ngg_post_thumbnail":0,"footnotes":""},"categories":[243],"tags":[],"class_list":["post-215447","post","type-post","status-publish","format-standard","has-post-thumbnail","hentry","category-geral"],"views":386,"meta_data":{"thumb":"https:\/\/portalv1.com.br\/app\/wp-content\/uploads\/2024\/08\/diana.jpg","imagem":{"fullsize":{"url":"https:\/\/portalv1.com.br\/app\/wp-content\/uploads\/2024\/08\/diana.jpg","width":800,"height":450},"medium":{"url":"https:\/\/portalv1.com.br\/app\/wp-content\/uploads\/2024\/08\/diana-300x169.jpg","width":300,"height":169},"large":{"url":"https:\/\/portalv1.com.br\/app\/wp-content\/uploads\/2024\/08\/diana-640x360.jpg","width":640,"height":360},"thumbnail":{"url":"https:\/\/portalv1.com.br\/app\/wp-content\/uploads\/2024\/08\/diana-100x100.jpg","width":100,"height":100},"medium_large":{"url":"https:\/\/portalv1.com.br\/app\/wp-content\/uploads\/2024\/08\/diana-768x432.jpg","width":768,"height":432}},"data":{"simple":"22\/08\/2024","date_time":"22\/08\/2024 10:12:10","date":"h\u00e1 2 anos"},"chapeu":"Porque Brigamos ","source":"m_destacada"},"_links":{"self":[{"href":"https:\/\/portalv1.com.br\/api\/wp\/v2\/posts\/215447","targetHints":{"allow":["GET"]}}],"collection":[{"href":"https:\/\/portalv1.com.br\/api\/wp\/v2\/posts"}],"about":[{"href":"https:\/\/portalv1.com.br\/api\/wp\/v2\/types\/post"}],"author":[{"embeddable":true,"href":"https:\/\/portalv1.com.br\/api\/wp\/v2\/users\/1"}],"replies":[{"embeddable":true,"href":"https:\/\/portalv1.com.br\/api\/wp\/v2\/comments?post=215447"}],"version-history":[{"count":0,"href":"https:\/\/portalv1.com.br\/api\/wp\/v2\/posts\/215447\/revisions"}],"wp:featuredmedia":[{"embeddable":true,"href":"https:\/\/portalv1.com.br\/api\/wp\/v2\/media\/215448"}],"wp:attachment":[{"href":"https:\/\/portalv1.com.br\/api\/wp\/v2\/media?parent=215447"}],"wp:term":[{"taxonomy":"category","embeddable":true,"href":"https:\/\/portalv1.com.br\/api\/wp\/v2\/categories?post=215447"},{"taxonomy":"post_tag","embeddable":true,"href":"https:\/\/portalv1.com.br\/api\/wp\/v2\/tags?post=215447"}],"curies":[{"name":"wp","href":"https:\/\/api.w.org\/{rel}","templated":true}]}}