{"id":215451,"date":"2024-08-22T16:47:03","date_gmt":"2024-08-22T19:47:03","guid":{"rendered":"https:\/\/portalv1.com.br\/?p=215451"},"modified":"2024-08-22T17:02:46","modified_gmt":"2024-08-22T20:02:46","slug":"reuniao-em-valenca-apresenta-as-novidades-do-plano-safra-2024-2025","status":"publish","type":"post","link":"https:\/\/portalv1.com.br\/reuniao-em-valenca-apresenta-as-novidades-do-plano-safra-2024-2025\/","title":{"rendered":"Reuni\u00e3o em Valen\u00e7a apresenta as novidades do Plano Safra 2024\/2025"},"content":{"rendered":"<p>Representantes dos sindicatos dos trabalhadores rurais de Valen\u00e7a, Inhuma, Santa Cruz dos Milagres, S\u00e3o Felix e Prata participaram nesta quinta-feira (22) em Valen\u00e7a de uma reuni\u00e3o para a divulga\u00e7\u00e3o do Plano Safra 2024\/2025.<\/p>\n<p>O evento teve a partricipa\u00e7\u00e3o de representantes do Minist\u00e9rio da Agricultura e Pecu\u00e1ria (Mapa), Minist\u00e9rio do Desenvolvimento Agr\u00e1rio e Agricultura Familiar (MDA), Federa\u00e7\u00e3o dos Trabalhadores Rurais Agricultores e Agricultoras Familiares do Estado do Piau\u00ed (FETAG) e do Banco do Nordeste.<a href=\"https:\/\/portalv1.com.br\/app\/wp-content\/uploads\/2024\/08\/IMG-20240822-WA0019-Copy.jpg\"><img loading=\"lazy\" decoding=\"async\" class=\"aligncenter size-full wp-image-215452\" src=\"https:\/\/portalv1.com.br\/app\/wp-content\/uploads\/2024\/08\/IMG-20240822-WA0019-Copy.jpg\" alt=\"\" width=\"1920\" height=\"864\" srcset=\"https:\/\/portalv1.com.br\/app\/wp-content\/uploads\/2024\/08\/IMG-20240822-WA0019-Copy.jpg 1920w, https:\/\/portalv1.com.br\/app\/wp-content\/uploads\/2024\/08\/IMG-20240822-WA0019-Copy-300x135.jpg 300w, https:\/\/portalv1.com.br\/app\/wp-content\/uploads\/2024\/08\/IMG-20240822-WA0019-Copy-640x288.jpg 640w, https:\/\/portalv1.com.br\/app\/wp-content\/uploads\/2024\/08\/IMG-20240822-WA0019-Copy-768x346.jpg 768w, https:\/\/portalv1.com.br\/app\/wp-content\/uploads\/2024\/08\/IMG-20240822-WA0019-Copy-1536x691.jpg 1536w\" sizes=\"auto, (max-width: 1920px) 100vw, 1920px\" \/><\/a><\/p>\n<p>O novo Plano Safra visa incentivar o fortalecimento dos sistemas de produ\u00e7\u00e3o ambientalmente sustent\u00e1veis, com redu\u00e7\u00e3o das taxas de juros para recupera\u00e7\u00e3o de pastagens e para os produtores rurais que adotam pr\u00e1ticas agr\u00edcolas mais sustent\u00e1veis. Cerca de 10 linhas de financiamento de cr\u00e9dito rural do Programa Nacional de Fortalecimento da Agricultura Familiar (Pronaf) tiveram redu\u00e7\u00e3o de taxas.<\/p>\n<p>A proje\u00e7\u00e3o para o ano safra 2024\/2025 \u00e9 que sejam investidos mais de R$ 70 bilh\u00f5es em todo o Brasil, sendo que R$ 1,08 bilh\u00e3o ser\u00e3o direcionados para o Piau\u00ed.<a href=\"https:\/\/portalv1.com.br\/app\/wp-content\/uploads\/2024\/08\/20240822_094237-Copy.jpg\"><img loading=\"lazy\" decoding=\"async\" class=\"aligncenter size-full wp-image-215453\" src=\"https:\/\/portalv1.com.br\/app\/wp-content\/uploads\/2024\/08\/20240822_094237-Copy.jpg\" alt=\"\" width=\"1600\" height=\"1200\" srcset=\"https:\/\/portalv1.com.br\/app\/wp-content\/uploads\/2024\/08\/20240822_094237-Copy.jpg 1600w, https:\/\/portalv1.com.br\/app\/wp-content\/uploads\/2024\/08\/20240822_094237-Copy-300x225.jpg 300w, https:\/\/portalv1.com.br\/app\/wp-content\/uploads\/2024\/08\/20240822_094237-Copy-640x480.jpg 640w, https:\/\/portalv1.com.br\/app\/wp-content\/uploads\/2024\/08\/20240822_094237-Copy-768x576.jpg 768w, https:\/\/portalv1.com.br\/app\/wp-content\/uploads\/2024\/08\/20240822_094237-Copy-1536x1152.jpg 1536w\" sizes=\"auto, (max-width: 1600px) 100vw, 1600px\" \/><\/a><\/p>\n<p>O Agente de Desenvolvimento do Banco do Nordeste, Benoni Rodrigues na oportunidade falou da import\u00e2ncia do Banco do Nordeste como o maior financiador das microfinan\u00e7as da regi\u00e3o, atrav\u00e9s dos programas Crediamigo e Agroamigo maiores parceiros da Agricultura Familiar do Nordeste, assim como falou sobre o Programa de Desenvolvimento Territorial do BNB que \u00e9 uma estrat\u00e9gia do Banco do Nordeste para contribuir com o desenvolvimento local e territorial por meio da organiza\u00e7\u00e3o, fortalecimento e eleva\u00e7\u00e3o da competitividade das atividades econ\u00f4micas da regi\u00e3o.&nbsp;Benoni Rodrigues avaliou a reuni\u00e3o.<\/p>\n<p>\u201cO evento foi bom pela import\u00e2ncia do tema e transmiss\u00e3o para os participantes e, sobretudo, porque agora os demais parceiros como os STR,s podem repassar estes conhecimentos para os empreendedores do setor rural e mais especificamente para os pronafianos\u201d disse Benoni.<\/p>\n<p>&nbsp;<\/p>\n","protected":false},"excerpt":{"rendered":"<p>Representantes dos sindicatos dos trabalhadores rurais de Valen\u00e7a, Inhuma, Santa Cruz dos Milagres, S\u00e3o Felix e Prata participaram nesta quinta-feira (22) em Valen\u00e7a de uma reuni\u00e3o para a divulga\u00e7\u00e3o do&#8230;<\/p>\n","protected":false},"author":1,"featured_media":215452,"comment_status":"open","ping_status":"open","sticky":false,"template":"","format":"standard","meta":{"ngg_post_thumbnail":0,"footnotes":""},"categories":[243],"tags":[],"class_list":["post-215451","post","type-post","status-publish","format-standard","has-post-thumbnail","hentry","category-geral"],"views":233,"meta_data":{"thumb":"https:\/\/portalv1.com.br\/app\/wp-content\/uploads\/2024\/08\/IMG-20240822-WA0019-Copy.jpg","imagem":{"fullsize":{"url":"https:\/\/portalv1.com.br\/app\/wp-content\/uploads\/2024\/08\/IMG-20240822-WA0019-Copy.jpg","width":1920,"height":864},"medium":{"url":"https:\/\/portalv1.com.br\/app\/wp-content\/uploads\/2024\/08\/IMG-20240822-WA0019-Copy-300x135.jpg","width":300,"height":135},"large":{"url":"https:\/\/portalv1.com.br\/app\/wp-content\/uploads\/2024\/08\/IMG-20240822-WA0019-Copy-640x288.jpg","width":640,"height":288},"thumbnail":{"url":"https:\/\/portalv1.com.br\/app\/wp-content\/uploads\/2024\/08\/IMG-20240822-WA0019-Copy-100x100.jpg","width":100,"height":100},"medium_large":{"url":"https:\/\/portalv1.com.br\/app\/wp-content\/uploads\/2024\/08\/IMG-20240822-WA0019-Copy-768x346.jpg","width":768,"height":346},"1536x1536":{"url":"https:\/\/portalv1.com.br\/app\/wp-content\/uploads\/2024\/08\/IMG-20240822-WA0019-Copy-1536x691.jpg","width":1536,"height":691}},"data":{"simple":"22\/08\/2024","date_time":"22\/08\/2024 13:47:03","date":"h\u00e1 2 anos"},"chapeu":"Investimentos ","source":"slide"},"_links":{"self":[{"href":"https:\/\/portalv1.com.br\/api\/wp\/v2\/posts\/215451","targetHints":{"allow":["GET"]}}],"collection":[{"href":"https:\/\/portalv1.com.br\/api\/wp\/v2\/posts"}],"about":[{"href":"https:\/\/portalv1.com.br\/api\/wp\/v2\/types\/post"}],"author":[{"embeddable":true,"href":"https:\/\/portalv1.com.br\/api\/wp\/v2\/users\/1"}],"replies":[{"embeddable":true,"href":"https:\/\/portalv1.com.br\/api\/wp\/v2\/comments?post=215451"}],"version-history":[{"count":0,"href":"https:\/\/portalv1.com.br\/api\/wp\/v2\/posts\/215451\/revisions"}],"wp:featuredmedia":[{"embeddable":true,"href":"https:\/\/portalv1.com.br\/api\/wp\/v2\/media\/215452"}],"wp:attachment":[{"href":"https:\/\/portalv1.com.br\/api\/wp\/v2\/media?parent=215451"}],"wp:term":[{"taxonomy":"category","embeddable":true,"href":"https:\/\/portalv1.com.br\/api\/wp\/v2\/categories?post=215451"},{"taxonomy":"post_tag","embeddable":true,"href":"https:\/\/portalv1.com.br\/api\/wp\/v2\/tags?post=215451"}],"curies":[{"name":"wp","href":"https:\/\/api.w.org\/{rel}","templated":true}]}}