{"id":215468,"date":"2024-08-24T07:27:12","date_gmt":"2024-08-24T10:27:12","guid":{"rendered":"https:\/\/portalv1.com.br\/?p=215468"},"modified":"2024-08-24T07:27:12","modified_gmt":"2024-08-24T10:27:12","slug":"campanha-de-vacinacao-antirrabica-em-valenca-acontece-neste-sabado","status":"publish","type":"post","link":"https:\/\/portalv1.com.br\/campanha-de-vacinacao-antirrabica-em-valenca-acontece-neste-sabado\/","title":{"rendered":"Campanha de vacina\u00e7\u00e3o antirr\u00e1bica, em Valen\u00e7a, acontece neste s\u00e1bado"},"content":{"rendered":"<p>A Prefeitura Municipal de Valen\u00e7a do Piau\u00ed, por meio da Secretaria de Sa\u00fade, realizar\u00e1 neste s\u00e1bado dia 24 de agosto a campanha anual de vacina\u00e7\u00e3o antirr\u00e1bica, destinada a c\u00e3es e gatos. O objetivo \u00e9 imunizar os animais dom\u00e9sticos contra a raiva, uma doen\u00e7a viral grave que pode afetar tanto os animais quanto os seres humanos.<\/p>\n<p>O informe da Secretaria de Sa\u00fade explica que c\u00e3es e gatos devem receber a primeira dose da vacina a partir dos tr\u00eas meses de idade. \u00c9 essencial que, no dia da campanha, os tutores sigam algumas recomenda\u00e7\u00f5es para garantir a seguran\u00e7a e o bom andamento do processo de vacina\u00e7\u00e3o:<\/p>\n<p>C\u00e3es: Devem estar com coleira e guia.<\/p>\n<p>Gatos: Devem ser transportados em caixas apropriadas.<\/p>\n<p><a href=\"https:\/\/portalv1.com.br\/app\/wp-content\/uploads\/2024\/08\/WhatsApp-Image-2024-08-19-at-10.41.18-1.jpeg\"><img loading=\"lazy\" decoding=\"async\" class=\"aligncenter size-full wp-image-215469\" src=\"https:\/\/portalv1.com.br\/app\/wp-content\/uploads\/2024\/08\/WhatsApp-Image-2024-08-19-at-10.41.18-1.jpeg\" alt=\"\" width=\"1024\" height=\"1280\" srcset=\"https:\/\/portalv1.com.br\/app\/wp-content\/uploads\/2024\/08\/WhatsApp-Image-2024-08-19-at-10.41.18-1.jpeg 1024w, https:\/\/portalv1.com.br\/app\/wp-content\/uploads\/2024\/08\/WhatsApp-Image-2024-08-19-at-10.41.18-1-300x375.jpeg 300w, https:\/\/portalv1.com.br\/app\/wp-content\/uploads\/2024\/08\/WhatsApp-Image-2024-08-19-at-10.41.18-1-640x800.jpeg 640w, https:\/\/portalv1.com.br\/app\/wp-content\/uploads\/2024\/08\/WhatsApp-Image-2024-08-19-at-10.41.18-1-768x960.jpeg 768w\" sizes=\"auto, (max-width: 1024px) 100vw, 1024px\" \/><\/a><\/p>\n","protected":false},"excerpt":{"rendered":"<p>A Prefeitura Municipal de Valen\u00e7a do Piau\u00ed, por meio da Secretaria de Sa\u00fade, realizar\u00e1 neste s\u00e1bado dia 24 de agosto a campanha anual de vacina\u00e7\u00e3o antirr\u00e1bica, destinada a c\u00e3es e&#8230;<\/p>\n","protected":false},"author":1,"featured_media":215470,"comment_status":"open","ping_status":"open","sticky":false,"template":"","format":"standard","meta":{"ngg_post_thumbnail":0,"footnotes":""},"categories":[243],"tags":[],"class_list":["post-215468","post","type-post","status-publish","format-standard","has-post-thumbnail","hentry","category-geral"],"views":228,"meta_data":{"thumb":"https:\/\/portalv1.com.br\/app\/wp-content\/uploads\/2024\/08\/cachorro.jpg","imagem":{"fullsize":{"url":"https:\/\/portalv1.com.br\/app\/wp-content\/uploads\/2024\/08\/cachorro.jpg","width":1684,"height":1200},"medium":{"url":"https:\/\/portalv1.com.br\/app\/wp-content\/uploads\/2024\/08\/cachorro-300x214.jpg","width":300,"height":214},"large":{"url":"https:\/\/portalv1.com.br\/app\/wp-content\/uploads\/2024\/08\/cachorro-640x456.jpg","width":640,"height":456},"thumbnail":{"url":"https:\/\/portalv1.com.br\/app\/wp-content\/uploads\/2024\/08\/cachorro-100x100.jpg","width":100,"height":100},"medium_large":{"url":"https:\/\/portalv1.com.br\/app\/wp-content\/uploads\/2024\/08\/cachorro-768x547.jpg","width":768,"height":547},"1536x1536":{"url":"https:\/\/portalv1.com.br\/app\/wp-content\/uploads\/2024\/08\/cachorro-1536x1095.jpg","width":1536,"height":1095}},"data":{"simple":"24\/08\/2024","date_time":"24\/08\/2024 04:27:12","date":"h\u00e1 2 anos"},"chapeu":"Veja os locais ","source":"slide"},"_links":{"self":[{"href":"https:\/\/portalv1.com.br\/api\/wp\/v2\/posts\/215468","targetHints":{"allow":["GET"]}}],"collection":[{"href":"https:\/\/portalv1.com.br\/api\/wp\/v2\/posts"}],"about":[{"href":"https:\/\/portalv1.com.br\/api\/wp\/v2\/types\/post"}],"author":[{"embeddable":true,"href":"https:\/\/portalv1.com.br\/api\/wp\/v2\/users\/1"}],"replies":[{"embeddable":true,"href":"https:\/\/portalv1.com.br\/api\/wp\/v2\/comments?post=215468"}],"version-history":[{"count":0,"href":"https:\/\/portalv1.com.br\/api\/wp\/v2\/posts\/215468\/revisions"}],"wp:featuredmedia":[{"embeddable":true,"href":"https:\/\/portalv1.com.br\/api\/wp\/v2\/media\/215470"}],"wp:attachment":[{"href":"https:\/\/portalv1.com.br\/api\/wp\/v2\/media?parent=215468"}],"wp:term":[{"taxonomy":"category","embeddable":true,"href":"https:\/\/portalv1.com.br\/api\/wp\/v2\/categories?post=215468"},{"taxonomy":"post_tag","embeddable":true,"href":"https:\/\/portalv1.com.br\/api\/wp\/v2\/tags?post=215468"}],"curies":[{"name":"wp","href":"https:\/\/api.w.org\/{rel}","templated":true}]}}