{"id":21560,"date":"2015-08-07T13:11:50","date_gmt":"2015-08-07T16:11:50","guid":{"rendered":"https:\/\/portalv1.com.br\/?p=21560"},"modified":"2015-08-09T13:38:41","modified_gmt":"2015-08-09T16:38:41","slug":"ifpi-de-valenca-divulga-segunda-chamada-do-exame-classificatorio","status":"publish","type":"post","link":"https:\/\/portalv1.com.br\/ifpi-de-valenca-divulga-segunda-chamada-do-exame-classificatorio\/","title":{"rendered":"IFPI de Valen\u00e7a divulga segunda chamada do Exame Classificat\u00f3rio"},"content":{"rendered":"<figure id=\"attachment_21561\" aria-describedby=\"caption-attachment-21561\" style=\"width: 300px\" class=\"wp-caption alignright\"><a href=\"https:\/\/portalv1.com.br\/app\/wp-content\/uploads\/2015\/08\/dsc_0641.jpg\"><img loading=\"lazy\" decoding=\"async\" class=\"size-medium wp-image-21561\" src=\"https:\/\/portalv1.com.br\/app\/wp-content\/uploads\/2015\/08\/dsc_0641-300x200.jpg\" alt=\"Diretora do Campus de Valen\u00e7a Concei\u00e7\u00e3o de Maria\" width=\"300\" height=\"200\" srcset=\"https:\/\/portalv1.com.br\/app\/wp-content\/uploads\/2015\/08\/dsc_0641-300x200.jpg 300w, https:\/\/portalv1.com.br\/app\/wp-content\/uploads\/2015\/08\/dsc_0641.jpg 640w\" sizes=\"auto, (max-width: 300px) 100vw, 300px\" \/><\/a><figcaption id=\"caption-attachment-21561\" class=\"wp-caption-text\">Diretora do Campus de Valen\u00e7a Concei\u00e7\u00e3o de Maria<\/figcaption><\/figure>\n<p>O Campus Valen\u00e7a divulga a segunda chamada do Exame Classificat\u00f3rio para os cursos t\u00e9cnicos concomitante e\/ou subsequente de Administra\u00e7\u00e3o e Agricultura.<\/p>\n<p>Para a matr\u00edcula, os candidatos convocados devem comparecer \u00e0 Coordena\u00e7\u00e3o de Controle Acad\u00eamico do Campus, nos dias 11 e 12 de agosto, das 8h30 \u00e0s 11h30 e das 14h30 \u00e0s 16h30, apresentando a documenta\u00e7\u00e3o citada no edital do Exame Classificat\u00f3rio.<\/p>\n<p><a href=\"https:\/\/portalv1.com.br\/app\/wp-content\/uploads\/2015\/08\/CLIQUE-AQUI-E-CONFIRA-A-LISTA.pdf\">CLIQUE AQUI E CONFIRA A LISTA<\/a><\/p>\n","protected":false},"excerpt":{"rendered":"<p>O Campus Valen\u00e7a divulga a segunda chamada do Exame Classificat\u00f3rio para os cursos t\u00e9cnicos concomitante e\/ou subsequente de Administra\u00e7\u00e3o e Agricultura. Para a matr\u00edcula, os candidatos convocados devem comparecer \u00e0&#8230;<\/p>\n","protected":false},"author":1,"featured_media":0,"comment_status":"open","ping_status":"open","sticky":false,"template":"","format":"standard","meta":{"ngg_post_thumbnail":0,"footnotes":""},"categories":[12],"tags":[],"class_list":["post-21560","post","type-post","status-publish","format-standard","hentry","category-valenca-news"],"views":658,"meta_data":{"thumb":"https:\/\/portalv1.com.br\/app\/wp-content\/uploads\/2015\/08\/dsc_0641.jpg","data":{"simple":"07\/08\/2015","date_time":"07\/08\/2015 10:11:50","date":"h\u00e1 11 anos"},"chapeu":"VEJA A LISTA ","source":"foto_menor"},"_links":{"self":[{"href":"https:\/\/portalv1.com.br\/api\/wp\/v2\/posts\/21560","targetHints":{"allow":["GET"]}}],"collection":[{"href":"https:\/\/portalv1.com.br\/api\/wp\/v2\/posts"}],"about":[{"href":"https:\/\/portalv1.com.br\/api\/wp\/v2\/types\/post"}],"author":[{"embeddable":true,"href":"https:\/\/portalv1.com.br\/api\/wp\/v2\/users\/1"}],"replies":[{"embeddable":true,"href":"https:\/\/portalv1.com.br\/api\/wp\/v2\/comments?post=21560"}],"version-history":[{"count":0,"href":"https:\/\/portalv1.com.br\/api\/wp\/v2\/posts\/21560\/revisions"}],"wp:attachment":[{"href":"https:\/\/portalv1.com.br\/api\/wp\/v2\/media?parent=21560"}],"wp:term":[{"taxonomy":"category","embeddable":true,"href":"https:\/\/portalv1.com.br\/api\/wp\/v2\/categories?post=21560"},{"taxonomy":"post_tag","embeddable":true,"href":"https:\/\/portalv1.com.br\/api\/wp\/v2\/tags?post=21560"}],"curies":[{"name":"wp","href":"https:\/\/api.w.org\/{rel}","templated":true}]}}