{"id":215752,"date":"2024-08-26T07:46:15","date_gmt":"2024-08-26T10:46:15","guid":{"rendered":"https:\/\/portalv1.com.br\/?p=215752"},"modified":"2024-08-26T07:46:15","modified_gmt":"2024-08-26T10:46:15","slug":"homem-mobiliza-policia-e-corpo-de-bombeiros-apos-subir-em-torre-em-valenca-do-piaui","status":"publish","type":"post","link":"https:\/\/portalv1.com.br\/homem-mobiliza-policia-e-corpo-de-bombeiros-apos-subir-em-torre-em-valenca-do-piaui\/","title":{"rendered":"Homem mobiliza policia e corpo de bombeiros ap\u00f3s subir em torre em Valen\u00e7a do Piau\u00ed"},"content":{"rendered":"<p>Um homem identificado pelas iniciais R.D.S.L mobilizou na madrugada deste domingo (25), equipes da Pol\u00edcia Militar e do Corpo de Bombeiros de Oeiras, ap\u00f3s subir na torre de telefonia de aproximadamente 80 metros de altura no centro de Valen\u00e7a do Piau\u00ed.<\/p>\n<p>O caso aconteceu por volta das 02h da madrugada, quando a Pol\u00edcia Militar foi acionada. Como a equipe n\u00e3o conseguiu contato com o homem, o Corpo de Bombeiros de Picos foi acionado, que por sua vez repassou a ocorr\u00eancia para a equipe de Oeiras, que chegaram em Valen\u00e7a por volta das 05h20.<\/p>\n<p>Depois do contato com o rapaz, a equipe conseguiu convenc\u00ea-lo a descer da torre e quando perguntado sobre a motiva\u00e7\u00e3o, o rapaz afirmou que era apenas para espairecer as ideias. O mesmo foi conduzido \u00e0 delegacia.<\/p>\n<p><a href=\"https:\/\/portalv1.com.br\/app\/wp-content\/uploads\/2024\/08\/WhatsApp-Image-2024-08-26-at-07.43.35.jpeg\"><img loading=\"lazy\" decoding=\"async\" class=\"aligncenter size-full wp-image-215753\" src=\"https:\/\/portalv1.com.br\/app\/wp-content\/uploads\/2024\/08\/WhatsApp-Image-2024-08-26-at-07.43.35.jpeg\" alt=\"\" width=\"901\" height=\"1600\" srcset=\"https:\/\/portalv1.com.br\/app\/wp-content\/uploads\/2024\/08\/WhatsApp-Image-2024-08-26-at-07.43.35.jpeg 901w, https:\/\/portalv1.com.br\/app\/wp-content\/uploads\/2024\/08\/WhatsApp-Image-2024-08-26-at-07.43.35-300x533.jpeg 300w, https:\/\/portalv1.com.br\/app\/wp-content\/uploads\/2024\/08\/WhatsApp-Image-2024-08-26-at-07.43.35-640x1137.jpeg 640w, https:\/\/portalv1.com.br\/app\/wp-content\/uploads\/2024\/08\/WhatsApp-Image-2024-08-26-at-07.43.35-768x1364.jpeg 768w, https:\/\/portalv1.com.br\/app\/wp-content\/uploads\/2024\/08\/WhatsApp-Image-2024-08-26-at-07.43.35-865x1536.jpeg 865w\" sizes=\"auto, (max-width: 901px) 100vw, 901px\" \/><\/a><\/p>\n","protected":false},"excerpt":{"rendered":"<p>Um homem identificado pelas iniciais R.D.S.L mobilizou na madrugada deste domingo (25), equipes da Pol\u00edcia Militar e do Corpo de Bombeiros de Oeiras, ap\u00f3s subir na torre de telefonia de&#8230;<\/p>\n","protected":false},"author":1,"featured_media":86733,"comment_status":"open","ping_status":"open","sticky":false,"template":"","format":"standard","meta":{"ngg_post_thumbnail":0,"footnotes":""},"categories":[243],"tags":[],"class_list":["post-215752","post","type-post","status-publish","format-standard","has-post-thumbnail","hentry","category-geral"],"views":1174,"meta_data":{"thumb":"https:\/\/portalv1.com.br\/app\/wp-content\/uploads\/2020\/06\/95923120_1582792875218335_8549471421636542464_n.jpg","imagem":{"fullsize":{"url":"https:\/\/portalv1.com.br\/app\/wp-content\/uploads\/2020\/06\/95923120_1582792875218335_8549471421636542464_n.jpg","width":600,"height":295},"medium":{"url":"https:\/\/portalv1.com.br\/app\/wp-content\/uploads\/2020\/06\/95923120_1582792875218335_8549471421636542464_n-300x148.jpg","width":300,"height":148},"thumbnail":{"url":"https:\/\/portalv1.com.br\/app\/wp-content\/uploads\/2020\/06\/95923120_1582792875218335_8549471421636542464_n-100x100.jpg","width":100,"height":100}},"data":{"simple":"26\/08\/2024","date_time":"26\/08\/2024 04:46:15","date":"h\u00e1 2 anos"},"chapeu":"Saiba mais","source":"slide"},"_links":{"self":[{"href":"https:\/\/portalv1.com.br\/api\/wp\/v2\/posts\/215752","targetHints":{"allow":["GET"]}}],"collection":[{"href":"https:\/\/portalv1.com.br\/api\/wp\/v2\/posts"}],"about":[{"href":"https:\/\/portalv1.com.br\/api\/wp\/v2\/types\/post"}],"author":[{"embeddable":true,"href":"https:\/\/portalv1.com.br\/api\/wp\/v2\/users\/1"}],"replies":[{"embeddable":true,"href":"https:\/\/portalv1.com.br\/api\/wp\/v2\/comments?post=215752"}],"version-history":[{"count":0,"href":"https:\/\/portalv1.com.br\/api\/wp\/v2\/posts\/215752\/revisions"}],"wp:featuredmedia":[{"embeddable":true,"href":"https:\/\/portalv1.com.br\/api\/wp\/v2\/media\/86733"}],"wp:attachment":[{"href":"https:\/\/portalv1.com.br\/api\/wp\/v2\/media?parent=215752"}],"wp:term":[{"taxonomy":"category","embeddable":true,"href":"https:\/\/portalv1.com.br\/api\/wp\/v2\/categories?post=215752"},{"taxonomy":"post_tag","embeddable":true,"href":"https:\/\/portalv1.com.br\/api\/wp\/v2\/tags?post=215752"}],"curies":[{"name":"wp","href":"https:\/\/api.w.org\/{rel}","templated":true}]}}