{"id":215873,"date":"2024-08-27T12:33:10","date_gmt":"2024-08-27T15:33:10","guid":{"rendered":"https:\/\/portalv1.com.br\/?p=215873"},"modified":"2024-08-27T12:33:10","modified_gmt":"2024-08-27T15:33:10","slug":"secretaria-de-cultura-de-valenca-abre-inscricoes-para-festival-cultural","status":"publish","type":"post","link":"https:\/\/portalv1.com.br\/secretaria-de-cultura-de-valenca-abre-inscricoes-para-festival-cultural\/","title":{"rendered":"Secretaria de Cultura de Valen\u00e7a abre inscri\u00e7\u00f5es para Festival Cultural"},"content":{"rendered":"<p>A Prefeitura de Valen\u00e7a do Piau\u00ed, por meio da Secretaria de Cultura, anuncia a abertura das inscri\u00e7\u00f5es para o Festival Cultural que acontecer\u00e1 no pr\u00f3ximo dia 19 de setembro, v\u00e9spera do aniversario da cidade.<\/p>\n<p>As inscri\u00e7\u00f5es podem podem ser realizadas na Secretaria de Cultura na Pra\u00e7a do Abrigo das 08h \u00e0s 13h. S\u00e3o convidados grupos folcl\u00f3ricos, sanfoneiros e artes\u00e3os. O festival acontecer\u00e1 no est\u00e1dio municipal a partir das 17h com atra\u00e7\u00f5es musicais, pra\u00e7a de alimenta\u00e7\u00e3o e outros atrativos.<\/p>\n<p><a href=\"https:\/\/portalv1.com.br\/app\/wp-content\/uploads\/2024\/08\/WhatsApp-Image-2024-08-27-at-11.29.54.jpeg\"><img loading=\"lazy\" decoding=\"async\" class=\"aligncenter size-full wp-image-215874\" src=\"https:\/\/portalv1.com.br\/app\/wp-content\/uploads\/2024\/08\/WhatsApp-Image-2024-08-27-at-11.29.54.jpeg\" alt=\"\" width=\"1080\" height=\"1080\" srcset=\"https:\/\/portalv1.com.br\/app\/wp-content\/uploads\/2024\/08\/WhatsApp-Image-2024-08-27-at-11.29.54.jpeg 1080w, https:\/\/portalv1.com.br\/app\/wp-content\/uploads\/2024\/08\/WhatsApp-Image-2024-08-27-at-11.29.54-300x300.jpeg 300w, https:\/\/portalv1.com.br\/app\/wp-content\/uploads\/2024\/08\/WhatsApp-Image-2024-08-27-at-11.29.54-640x640.jpeg 640w, https:\/\/portalv1.com.br\/app\/wp-content\/uploads\/2024\/08\/WhatsApp-Image-2024-08-27-at-11.29.54-100x100.jpeg 100w, https:\/\/portalv1.com.br\/app\/wp-content\/uploads\/2024\/08\/WhatsApp-Image-2024-08-27-at-11.29.54-768x768.jpeg 768w\" sizes=\"auto, (max-width: 1080px) 100vw, 1080px\" \/><\/a> <a href=\"https:\/\/portalv1.com.br\/app\/wp-content\/uploads\/2024\/08\/WhatsApp-Image-2024-08-27-at-11.35.59.jpeg\"><img loading=\"lazy\" decoding=\"async\" class=\"aligncenter size-full wp-image-215875\" src=\"https:\/\/portalv1.com.br\/app\/wp-content\/uploads\/2024\/08\/WhatsApp-Image-2024-08-27-at-11.35.59.jpeg\" alt=\"\" width=\"1080\" height=\"1080\" srcset=\"https:\/\/portalv1.com.br\/app\/wp-content\/uploads\/2024\/08\/WhatsApp-Image-2024-08-27-at-11.35.59.jpeg 1080w, https:\/\/portalv1.com.br\/app\/wp-content\/uploads\/2024\/08\/WhatsApp-Image-2024-08-27-at-11.35.59-300x300.jpeg 300w, https:\/\/portalv1.com.br\/app\/wp-content\/uploads\/2024\/08\/WhatsApp-Image-2024-08-27-at-11.35.59-640x640.jpeg 640w, https:\/\/portalv1.com.br\/app\/wp-content\/uploads\/2024\/08\/WhatsApp-Image-2024-08-27-at-11.35.59-100x100.jpeg 100w, https:\/\/portalv1.com.br\/app\/wp-content\/uploads\/2024\/08\/WhatsApp-Image-2024-08-27-at-11.35.59-768x768.jpeg 768w\" sizes=\"auto, (max-width: 1080px) 100vw, 1080px\" \/><\/a><\/p>\n","protected":false},"excerpt":{"rendered":"<p>A Prefeitura de Valen\u00e7a do Piau\u00ed, por meio da Secretaria de Cultura, anuncia a abertura das inscri\u00e7\u00f5es para o Festival Cultural que acontecer\u00e1 no pr\u00f3ximo dia 19 de setembro, v\u00e9spera&#8230;<\/p>\n","protected":false},"author":1,"featured_media":215876,"comment_status":"open","ping_status":"open","sticky":false,"template":"","format":"standard","meta":{"ngg_post_thumbnail":0,"footnotes":""},"categories":[243],"tags":[],"class_list":["post-215873","post","type-post","status-publish","format-standard","has-post-thumbnail","hentry","category-geral"],"views":678,"meta_data":{"thumb":"https:\/\/portalv1.com.br\/app\/wp-content\/uploads\/2024\/08\/WhatsApp-Image-2024-08-27-at-12.31.23.jpeg","imagem":{"fullsize":{"url":"https:\/\/portalv1.com.br\/app\/wp-content\/uploads\/2024\/08\/WhatsApp-Image-2024-08-27-at-12.31.23.jpeg","width":1080,"height":508},"medium":{"url":"https:\/\/portalv1.com.br\/app\/wp-content\/uploads\/2024\/08\/WhatsApp-Image-2024-08-27-at-12.31.23-300x141.jpeg","width":300,"height":141},"large":{"url":"https:\/\/portalv1.com.br\/app\/wp-content\/uploads\/2024\/08\/WhatsApp-Image-2024-08-27-at-12.31.23-640x301.jpeg","width":640,"height":301},"thumbnail":{"url":"https:\/\/portalv1.com.br\/app\/wp-content\/uploads\/2024\/08\/WhatsApp-Image-2024-08-27-at-12.31.23-100x100.jpeg","width":100,"height":100},"medium_large":{"url":"https:\/\/portalv1.com.br\/app\/wp-content\/uploads\/2024\/08\/WhatsApp-Image-2024-08-27-at-12.31.23-768x361.jpeg","width":768,"height":361}},"data":{"simple":"27\/08\/2024","date_time":"27\/08\/2024 09:33:10","date":"h\u00e1 2 anos"},"chapeu":"Veja como participar ","source":"slide"},"_links":{"self":[{"href":"https:\/\/portalv1.com.br\/api\/wp\/v2\/posts\/215873","targetHints":{"allow":["GET"]}}],"collection":[{"href":"https:\/\/portalv1.com.br\/api\/wp\/v2\/posts"}],"about":[{"href":"https:\/\/portalv1.com.br\/api\/wp\/v2\/types\/post"}],"author":[{"embeddable":true,"href":"https:\/\/portalv1.com.br\/api\/wp\/v2\/users\/1"}],"replies":[{"embeddable":true,"href":"https:\/\/portalv1.com.br\/api\/wp\/v2\/comments?post=215873"}],"version-history":[{"count":0,"href":"https:\/\/portalv1.com.br\/api\/wp\/v2\/posts\/215873\/revisions"}],"wp:featuredmedia":[{"embeddable":true,"href":"https:\/\/portalv1.com.br\/api\/wp\/v2\/media\/215876"}],"wp:attachment":[{"href":"https:\/\/portalv1.com.br\/api\/wp\/v2\/media?parent=215873"}],"wp:term":[{"taxonomy":"category","embeddable":true,"href":"https:\/\/portalv1.com.br\/api\/wp\/v2\/categories?post=215873"},{"taxonomy":"post_tag","embeddable":true,"href":"https:\/\/portalv1.com.br\/api\/wp\/v2\/tags?post=215873"}],"curies":[{"name":"wp","href":"https:\/\/api.w.org\/{rel}","templated":true}]}}