{"id":215882,"date":"2024-08-28T07:59:29","date_gmt":"2024-08-28T10:59:29","guid":{"rendered":"https:\/\/portalv1.com.br\/?p=215882"},"modified":"2024-08-29T07:51:47","modified_gmt":"2024-08-29T10:51:47","slug":"desfile-de-7-de-setembro-em-valenca-do-piaui-sera-pela-manha","status":"publish","type":"post","link":"https:\/\/portalv1.com.br\/desfile-de-7-de-setembro-em-valenca-do-piaui-sera-pela-manha\/","title":{"rendered":"Desfile de 7 de Setembro em Valen\u00e7a do Piau\u00ed ser\u00e1 pela manh\u00e3"},"content":{"rendered":"<p>Para celebrar o Dia da Independ\u00eancia do Brasil, a Prefeitura de Valen\u00e7a do Piau\u00ed, juntamente com institui\u00e7\u00f5es p\u00fablicas e privadas, realizar\u00e1 o tradicional Desfile de 7 de Setembro. Al\u00e9m das unidades escolares do munic\u00edpio e do estado, o desfile c\u00edvico ter\u00e1 a participa\u00e7\u00e3o de outros \u00f3rg\u00e3os, que se preparam para celebrar os 202 anos de nossa independ\u00eancia.<\/p>\n<p>De acordo com a secret\u00e1ria de educa\u00e7\u00e3o, Iara Costa, a concentra\u00e7\u00e3o acontecer\u00e1 na pra\u00e7a da prefeitura a partir das 06h30 de onde sair\u00e3o at\u00e9 a Pra\u00e7a Get\u00falio Vargas. Esse ano o tema central ser\u00e1: \u201cValen\u00e7a do Piau\u00ed, seu povo e sua hist\u00f3ria\u201d.<a href=\"https:\/\/portalv1.com.br\/app\/wp-content\/uploads\/2024\/08\/sr_MG_0115.jpg\"><img loading=\"lazy\" decoding=\"async\" class=\"aligncenter size-full wp-image-215883\" src=\"https:\/\/portalv1.com.br\/app\/wp-content\/uploads\/2024\/08\/sr_MG_0115.jpg\" alt=\"\" width=\"1024\" height=\"575\" srcset=\"https:\/\/portalv1.com.br\/app\/wp-content\/uploads\/2024\/08\/sr_MG_0115.jpg 1024w, https:\/\/portalv1.com.br\/app\/wp-content\/uploads\/2024\/08\/sr_MG_0115-300x168.jpg 300w, https:\/\/portalv1.com.br\/app\/wp-content\/uploads\/2024\/08\/sr_MG_0115-640x359.jpg 640w, https:\/\/portalv1.com.br\/app\/wp-content\/uploads\/2024\/08\/sr_MG_0115-768x431.jpg 768w\" sizes=\"auto, (max-width: 1024px) 100vw, 1024px\" \/><\/a><\/p>\n","protected":false},"excerpt":{"rendered":"<p>Para celebrar o Dia da Independ\u00eancia do Brasil, a Prefeitura de Valen\u00e7a do Piau\u00ed, juntamente com institui\u00e7\u00f5es p\u00fablicas e privadas, realizar\u00e1 o tradicional Desfile de 7 de Setembro. Al\u00e9m das&#8230;<\/p>\n","protected":false},"author":1,"featured_media":215883,"comment_status":"open","ping_status":"open","sticky":false,"template":"","format":"standard","meta":{"ngg_post_thumbnail":0,"footnotes":""},"categories":[243],"tags":[],"class_list":["post-215882","post","type-post","status-publish","format-standard","has-post-thumbnail","hentry","category-geral"],"views":923,"meta_data":{"thumb":"https:\/\/portalv1.com.br\/app\/wp-content\/uploads\/2024\/08\/sr_MG_0115.jpg","imagem":{"fullsize":{"url":"https:\/\/portalv1.com.br\/app\/wp-content\/uploads\/2024\/08\/sr_MG_0115.jpg","width":1024,"height":575},"medium":{"url":"https:\/\/portalv1.com.br\/app\/wp-content\/uploads\/2024\/08\/sr_MG_0115-300x168.jpg","width":300,"height":168},"large":{"url":"https:\/\/portalv1.com.br\/app\/wp-content\/uploads\/2024\/08\/sr_MG_0115-640x359.jpg","width":640,"height":359},"thumbnail":{"url":"https:\/\/portalv1.com.br\/app\/wp-content\/uploads\/2024\/08\/sr_MG_0115-100x100.jpg","width":100,"height":100},"medium_large":{"url":"https:\/\/portalv1.com.br\/app\/wp-content\/uploads\/2024\/08\/sr_MG_0115-768x431.jpg","width":768,"height":431}},"data":{"simple":"28\/08\/2024","date_time":"28\/08\/2024 04:59:29","date":"h\u00e1 2 anos"},"chapeu":"202 anos ","source":"slide"},"_links":{"self":[{"href":"https:\/\/portalv1.com.br\/api\/wp\/v2\/posts\/215882","targetHints":{"allow":["GET"]}}],"collection":[{"href":"https:\/\/portalv1.com.br\/api\/wp\/v2\/posts"}],"about":[{"href":"https:\/\/portalv1.com.br\/api\/wp\/v2\/types\/post"}],"author":[{"embeddable":true,"href":"https:\/\/portalv1.com.br\/api\/wp\/v2\/users\/1"}],"replies":[{"embeddable":true,"href":"https:\/\/portalv1.com.br\/api\/wp\/v2\/comments?post=215882"}],"version-history":[{"count":0,"href":"https:\/\/portalv1.com.br\/api\/wp\/v2\/posts\/215882\/revisions"}],"wp:featuredmedia":[{"embeddable":true,"href":"https:\/\/portalv1.com.br\/api\/wp\/v2\/media\/215883"}],"wp:attachment":[{"href":"https:\/\/portalv1.com.br\/api\/wp\/v2\/media?parent=215882"}],"wp:term":[{"taxonomy":"category","embeddable":true,"href":"https:\/\/portalv1.com.br\/api\/wp\/v2\/categories?post=215882"},{"taxonomy":"post_tag","embeddable":true,"href":"https:\/\/portalv1.com.br\/api\/wp\/v2\/tags?post=215882"}],"curies":[{"name":"wp","href":"https:\/\/api.w.org\/{rel}","templated":true}]}}