{"id":215884,"date":"2024-08-27T23:19:56","date_gmt":"2024-08-28T02:19:56","guid":{"rendered":"https:\/\/portalv1.com.br\/?p=215884"},"modified":"2024-08-27T23:19:56","modified_gmt":"2024-08-28T02:19:56","slug":"secretaria-de-saude-reune-rede-de-protecao-e-discute-fortalecimento-da-equidade-em-saude-seguranca-alimentar-e-nutricional","status":"publish","type":"post","link":"https:\/\/portalv1.com.br\/secretaria-de-saude-reune-rede-de-protecao-e-discute-fortalecimento-da-equidade-em-saude-seguranca-alimentar-e-nutricional\/","title":{"rendered":"Secretaria de Sa\u00fade re\u00fane rede de prote\u00e7\u00e3o e discute fortalecimento da equidade em sa\u00fade, seguran\u00e7a alimentar e nutricional"},"content":{"rendered":"<p>A Secretaria de Sa\u00fade do Piau\u00ed (Sesapi) realizou, nesta ter\u00e7a-feira (27), o III F\u00f3rum de Equidade em Sa\u00fade e Seguran\u00e7a Alimentar e Nutricional. O evento realizado no audit\u00f3rio da Secretaria Estadual da Administra\u00e7\u00e3o (Sead), reuniu profissionais de sa\u00fade e representantes de diversos \u00f3rg\u00e3os que integram a rede de prote\u00e7\u00e3o e acolhimento de popula\u00e7\u00f5es em situa\u00e7\u00e3o de vulnerabilidade no estado.<\/p>\n<p>\u201cA gente vem trabalhando nas macrorregi\u00f5es de sa\u00fade do estado, obtendo bons resultados sobre atendimento com equidade para as popula\u00e7\u00f5es vulnerabilizadas. Os trabalhadores do SUS t\u00eam tido conhecimento sobre como \u00e9 o atendimento a essas popula\u00e7\u00f5es que possuem necessidades mais espec\u00edficas\u201d, destacou Felipe Silva, coordenador de Equidade da Sesapi.<\/p>\n<p>Em um ambiente intersetorial, o f\u00f3rum discutiu melhorias a serem desenvolvidas para o atendimento e acolhimento de popula\u00e7\u00f5es ind\u00edgenas, negras, quilombolas e LGBTQIAPN+ , al\u00e9m dos servi\u00e7os de sa\u00fade, com foco maior para as pol\u00edticas p\u00fablicas para pessoas em situa\u00e7\u00e3o de rua desenvolvidas em munic\u00edpios da Macrorregi\u00e3o Meio Norte.<\/p>\n<p>Dentre os diversos assuntos discutidos durante o evento, os profissionais de sa\u00fade e representantes dos demais \u00f3rg\u00e3os trataram sobre acolhimento e cuidado nutricional com equidade para pessoas em situa\u00e7\u00e3o de&nbsp;&nbsp;vulnerabilidade social, responsabilidades t\u00e9cnicas e \u00e9ticas, preven\u00e7\u00e3o ao suic\u00eddio, desafios e possibilidades da intersetorialidade local a favor da equidade.<\/p>\n<p>\u201cA equidade \u00e9 um dos princ\u00edpios mais importantes do SUS e que contempla essa popula\u00e7\u00e3o. A Sesapi prioriza o fortalecimento do cuidado integral, considerando a intersetorialidade e a integralidade do cuidado, primando pelo fortalecimento da aten\u00e7\u00e3o prim\u00e1ria no nosso estado\u201d, enfatizou Virg\u00ednia Pinheiro, coordenadora da Aten\u00e7\u00e3o Prim\u00e1ria \u00e0 Sa\u00fade da Sesapi. <a href=\"https:\/\/portalv1.com.br\/app\/wp-content\/uploads\/2024\/08\/sesapi.jpg\"><img loading=\"lazy\" decoding=\"async\" class=\"aligncenter size-full wp-image-215885\" src=\"https:\/\/portalv1.com.br\/app\/wp-content\/uploads\/2024\/08\/sesapi.jpg\" alt=\"\" width=\"1000\" height=\"750\" srcset=\"https:\/\/portalv1.com.br\/app\/wp-content\/uploads\/2024\/08\/sesapi.jpg 1000w, https:\/\/portalv1.com.br\/app\/wp-content\/uploads\/2024\/08\/sesapi-300x225.jpg 300w, https:\/\/portalv1.com.br\/app\/wp-content\/uploads\/2024\/08\/sesapi-640x480.jpg 640w, https:\/\/portalv1.com.br\/app\/wp-content\/uploads\/2024\/08\/sesapi-768x576.jpg 768w\" sizes=\"auto, (max-width: 1000px) 100vw, 1000px\" \/><\/a><\/p>\n","protected":false},"excerpt":{"rendered":"<p>A Secretaria de Sa\u00fade do Piau\u00ed (Sesapi) realizou, nesta ter\u00e7a-feira (27), o III F\u00f3rum de Equidade em Sa\u00fade e Seguran\u00e7a Alimentar e Nutricional. O evento realizado no audit\u00f3rio da Secretaria&#8230;<\/p>\n","protected":false},"author":1,"featured_media":215885,"comment_status":"open","ping_status":"open","sticky":false,"template":"","format":"standard","meta":{"ngg_post_thumbnail":0,"footnotes":""},"categories":[243],"tags":[],"class_list":["post-215884","post","type-post","status-publish","format-standard","has-post-thumbnail","hentry","category-geral"],"views":69,"meta_data":{"thumb":"https:\/\/portalv1.com.br\/app\/wp-content\/uploads\/2024\/08\/sesapi.jpg","imagem":{"fullsize":{"url":"https:\/\/portalv1.com.br\/app\/wp-content\/uploads\/2024\/08\/sesapi.jpg","width":1000,"height":750},"medium":{"url":"https:\/\/portalv1.com.br\/app\/wp-content\/uploads\/2024\/08\/sesapi-300x225.jpg","width":300,"height":225},"large":{"url":"https:\/\/portalv1.com.br\/app\/wp-content\/uploads\/2024\/08\/sesapi-640x480.jpg","width":640,"height":480},"thumbnail":{"url":"https:\/\/portalv1.com.br\/app\/wp-content\/uploads\/2024\/08\/sesapi-100x100.jpg","width":100,"height":100},"medium_large":{"url":"https:\/\/portalv1.com.br\/app\/wp-content\/uploads\/2024\/08\/sesapi-768x576.jpg","width":768,"height":576}},"data":{"simple":"27\/08\/2024","date_time":"27\/08\/2024 20:19:56","date":"h\u00e1 2 anos"},"chapeu":"Saiba mais","source":"m_destacada"},"_links":{"self":[{"href":"https:\/\/portalv1.com.br\/api\/wp\/v2\/posts\/215884","targetHints":{"allow":["GET"]}}],"collection":[{"href":"https:\/\/portalv1.com.br\/api\/wp\/v2\/posts"}],"about":[{"href":"https:\/\/portalv1.com.br\/api\/wp\/v2\/types\/post"}],"author":[{"embeddable":true,"href":"https:\/\/portalv1.com.br\/api\/wp\/v2\/users\/1"}],"replies":[{"embeddable":true,"href":"https:\/\/portalv1.com.br\/api\/wp\/v2\/comments?post=215884"}],"version-history":[{"count":0,"href":"https:\/\/portalv1.com.br\/api\/wp\/v2\/posts\/215884\/revisions"}],"wp:featuredmedia":[{"embeddable":true,"href":"https:\/\/portalv1.com.br\/api\/wp\/v2\/media\/215885"}],"wp:attachment":[{"href":"https:\/\/portalv1.com.br\/api\/wp\/v2\/media?parent=215884"}],"wp:term":[{"taxonomy":"category","embeddable":true,"href":"https:\/\/portalv1.com.br\/api\/wp\/v2\/categories?post=215884"},{"taxonomy":"post_tag","embeddable":true,"href":"https:\/\/portalv1.com.br\/api\/wp\/v2\/tags?post=215884"}],"curies":[{"name":"wp","href":"https:\/\/api.w.org\/{rel}","templated":true}]}}