{"id":21593,"date":"2015-08-11T13:46:04","date_gmt":"2015-08-11T16:46:04","guid":{"rendered":"https:\/\/portalv1.com.br\/?p=21593"},"modified":"2015-08-11T13:46:04","modified_gmt":"2015-08-11T16:46:04","slug":"justica-aceita-denuncia-contra-ex-prefeito-de-pimenteiras","status":"publish","type":"post","link":"https:\/\/portalv1.com.br\/justica-aceita-denuncia-contra-ex-prefeito-de-pimenteiras\/","title":{"rendered":"Justi\u00e7a aceita denuncia contra ex-prefeito de Pimenteiras"},"content":{"rendered":"<figure id=\"attachment_21594\" aria-describedby=\"caption-attachment-21594\" style=\"width: 300px\" class=\"wp-caption alignright\"><a href=\"https:\/\/portalv1.com.br\/app\/wp-content\/uploads\/2015\/08\/nonato_marreiros.jpg\"><img loading=\"lazy\" decoding=\"async\" class=\"size-medium wp-image-21594\" src=\"https:\/\/portalv1.com.br\/app\/wp-content\/uploads\/2015\/08\/nonato_marreiros-300x225.jpg\" alt=\"Raimundo Nonato Marreiros Moreira\" width=\"300\" height=\"225\" srcset=\"https:\/\/portalv1.com.br\/app\/wp-content\/uploads\/2015\/08\/nonato_marreiros-300x225.jpg 300w, https:\/\/portalv1.com.br\/app\/wp-content\/uploads\/2015\/08\/nonato_marreiros.jpg 400w\" sizes=\"auto, (max-width: 300px) 100vw, 300px\" \/><\/a><figcaption id=\"caption-attachment-21594\" class=\"wp-caption-text\">Raimundo Nonato Marreiros Moreira<\/figcaption><\/figure>\n<p>O juiz federal Diego C\u00e2mara, da Vara \u00danica de Picos, recebeu den\u00fancia contra o ex-prefeito de Pimenteiras, Raimundo Nonato Marreiros Moreira. A decis\u00e3o \u00e9 do dia 21 de julho deste ano. Raimundo Marreiros, que \u00e9 ex-diretor da Agespisa e ex-diretor geral da ADH, foi denunciado pelo Minist\u00e9rio P\u00fablico Federal, acusado de praticar crime descrito no art. 1\u00ba, inciso VII, do Decreto-Lei 201\/67, que \u00e9 &#8220;deixar de prestar contas, no devido tempo, ao \u00f3rg\u00e3o competente, da aplica\u00e7\u00e3o de recursos, empr\u00e9stimos subven\u00e7\u00f5es ou aux\u00edlios internos ou externos, recebidos a qualquer titulo&#8221;. A a\u00e7\u00e3o penal foi autuada no dia 28 de julho e distribu\u00edda para a Vara \u00danica de Picos no dia 3 de agosto.<\/p>\n<p><strong>Condena\u00e7\u00e3o<\/strong><\/p>\n<p>Raimundo Medeiros j\u00e1 foi condenado pelo Tribunal de Contas da Uni\u00e3o a recolher aos cofres do Tesouro Nacional R$ 1.224.444,08 atualizado monetariamente a partir de 03\/01\/2003. O ex-prefeito foi alvo de tomada de contas especial , instaurado pelo Minist\u00e9rio da Integra\u00e7\u00e3o Nacional, em decorr\u00eancia de irregularidades na constru\u00e7\u00e3o de barragem na cidade de Pimenteiras. Foi aplicada ainda, multa de R$ 150.000,00.<\/p>\n<p>&nbsp;<\/p>\n<p>Fonte: GP1<\/p>\n","protected":false},"excerpt":{"rendered":"<p>O juiz federal Diego C\u00e2mara, da Vara \u00danica de Picos, recebeu den\u00fancia contra o ex-prefeito de Pimenteiras, Raimundo Nonato Marreiros Moreira. A decis\u00e3o \u00e9 do dia 21 de julho deste&#8230;<\/p>\n","protected":false},"author":1,"featured_media":0,"comment_status":"open","ping_status":"open","sticky":false,"template":"","format":"standard","meta":{"ngg_post_thumbnail":0,"footnotes":""},"categories":[12],"tags":[],"class_list":["post-21593","post","type-post","status-publish","format-standard","hentry","category-valenca-news"],"views":908,"meta_data":{"thumb":"https:\/\/portalv1.com.br\/app\/wp-content\/uploads\/2015\/08\/nonato_marreiros.jpg","data":{"simple":"11\/08\/2015","date_time":"11\/08\/2015 10:46:04","date":"h\u00e1 11 anos"},"chapeu":"Nonato Marreiros ","source":"m_destacada"},"_links":{"self":[{"href":"https:\/\/portalv1.com.br\/api\/wp\/v2\/posts\/21593","targetHints":{"allow":["GET"]}}],"collection":[{"href":"https:\/\/portalv1.com.br\/api\/wp\/v2\/posts"}],"about":[{"href":"https:\/\/portalv1.com.br\/api\/wp\/v2\/types\/post"}],"author":[{"embeddable":true,"href":"https:\/\/portalv1.com.br\/api\/wp\/v2\/users\/1"}],"replies":[{"embeddable":true,"href":"https:\/\/portalv1.com.br\/api\/wp\/v2\/comments?post=21593"}],"version-history":[{"count":0,"href":"https:\/\/portalv1.com.br\/api\/wp\/v2\/posts\/21593\/revisions"}],"wp:attachment":[{"href":"https:\/\/portalv1.com.br\/api\/wp\/v2\/media?parent=21593"}],"wp:term":[{"taxonomy":"category","embeddable":true,"href":"https:\/\/portalv1.com.br\/api\/wp\/v2\/categories?post=21593"},{"taxonomy":"post_tag","embeddable":true,"href":"https:\/\/portalv1.com.br\/api\/wp\/v2\/tags?post=21593"}],"curies":[{"name":"wp","href":"https:\/\/api.w.org\/{rel}","templated":true}]}}