{"id":21643,"date":"2015-08-17T18:33:39","date_gmt":"2015-08-17T21:33:39","guid":{"rendered":"https:\/\/portalv1.com.br\/?p=21643"},"modified":"2015-08-20T00:57:02","modified_gmt":"2015-08-20T03:57:02","slug":"prefeito-de-pimenteiras-venicio-do-o-participa-de-reuniao-na-appm","status":"publish","type":"post","link":"https:\/\/portalv1.com.br\/prefeito-de-pimenteiras-venicio-do-o-participa-de-reuniao-na-appm\/","title":{"rendered":"Prefeito de Pimenteiras Venicio do \u00d3 participa de reuni\u00e3o na APPM"},"content":{"rendered":"<figure id=\"attachment_21644\" aria-describedby=\"caption-attachment-21644\" style=\"width: 300px\" class=\"wp-caption alignright\"><a href=\"https:\/\/portalv1.com.br\/app\/wp-content\/uploads\/2015\/08\/VENICIO-O.jpg\"><img loading=\"lazy\" decoding=\"async\" class=\"size-medium wp-image-21644\" src=\"https:\/\/portalv1.com.br\/app\/wp-content\/uploads\/2015\/08\/VENICIO-O-300x225.jpg\" alt=\"Prefeito de Pimenteiras Venicio do \u00d3 \" width=\"300\" height=\"225\" srcset=\"https:\/\/portalv1.com.br\/app\/wp-content\/uploads\/2015\/08\/VENICIO-O-300x225.jpg 300w, https:\/\/portalv1.com.br\/app\/wp-content\/uploads\/2015\/08\/VENICIO-O.jpg 640w\" sizes=\"auto, (max-width: 300px) 100vw, 300px\" \/><\/a><figcaption id=\"caption-attachment-21644\" class=\"wp-caption-text\">Prefeito de Pimenteiras Venicio do \u00d3<\/figcaption><\/figure>\n<p>Nesta segunda-feira (17) o prefeito de Pimenteiras Venicio do \u00d3 participa de reuni\u00e3o na sede da APPM para discutir o impacto da crise econ\u00f4mica nas prefeituras piauienses. As dificuldades est\u00e3o inviabilizando a gest\u00e3o municipal, especialmente daquelas prefeituras que dependem exclusivamente do FPM.<\/p>\n<p>A finalidade da reuni\u00e3o \u00e9 tra\u00e7ar estrat\u00e9gias para amenizar o maximo poss\u00edvel o impacto na vida da popula\u00e7\u00e3o que tamb\u00e9m sente as consequ\u00eancias da crise instalada no Brasil. De acordo com a Confedera\u00e7\u00e3o Nacional dos Munic\u00edpios (CNM) os recursos do FPM at\u00e9 este m\u00eas de agosto ca\u00edram 2,72% em rela\u00e7\u00e3o ao mesmo per\u00edodo de 2014.<\/p>\n<p>\u201cO FPM \u00e9 composto por parte da arrecada\u00e7\u00e3o do Imposto de Renda (IR) e do Imposto sobre Produtos Industrializado (IPI). Como o pa\u00eds est\u00e1 em crise, produzindo menos, esse recurso cai vertiginosamente, o que somado a transfer\u00eancia de obriga\u00e7\u00f5es sem os devidos repasses financeiros pelo governo federal est\u00e1 quebrando os munic\u00edpios\u201d, revela o presidente da APPM, Arinaldo Leal.<\/p>\n<p>O prefeito Venicio do \u00d3 ocupou a tribuna para passar a experi\u00eancia de Pimenteiras que apesar da crise vem conseguindo com muito planejamento cumprir suas obriga\u00e7\u00f5es e garantir investimentos em parceria com os governos do estado e federal.<\/p>\n<p>&nbsp;<\/p>\n<p><strong>Secret\u00e1ria de Sa\u00fade de Pimenteiras realiza mutir\u00e3o, palestras e Dia D da Sa\u00fade \u00a0<\/strong><\/p>\n<p>A equipe da secret\u00e1ria de sa\u00fade de Pimenteiras est\u00e1 toda mobilizada para cobrir as a\u00e7\u00f5es de sa\u00fade realizadas no munic\u00edpio. No s\u00e1bado a equipe realizou com grande \u00eaxito o Dia D de vacina\u00e7\u00e3o contra a p\u00f3lio, onde os postos de sa\u00fade da secret\u00e1ria e do Bairro Vila Nova funcionaram normalmente para atender as crian\u00e7as menores de 05 anos. A campanha de vacina\u00e7\u00e3o contra a p\u00f3lio se entender\u00e1 at\u00e9 o dia 31 de agosto.<\/p>\n<p>Na semana passada, a equipe esteve realizando atendimento na comunidade Maquin\u00e9. Denominado de Dia D da Sa\u00fade, o atendimento na comunidade contou com a presen\u00e7a de todo a equipe da sa\u00fade que promoveram atendimento e atualiza\u00e7\u00e3o dos cart\u00f5es de sa\u00fade, consultas medicas e orienta\u00e7\u00f5es etc.<\/p>\n<p>Esse tipo de atendimento beneficiar\u00e1 outras comunidades, mesmo elas j\u00e1 contando com os servi\u00e7os regulares de sa\u00fade.<\/p>\n<p>Em outra frente \u00e0 equipe da sa\u00fade bucal est\u00e1 visitando os col\u00e9gios ministrando palestras sobre a import\u00e2ncia da higiene bucal. A ultima unidade escolar a receber esse servi\u00e7o foi o col\u00e9gio Manoel Ribeiro na comunidade Veneza. Minitrada pela Dr\u00aa D\u00f3ris a palestra alerta sobre os cuidados e preven\u00e7\u00e3o que os alunos devem ter com a boca, al\u00e9m de aprenderem sobre a maneira certa de escova\u00e7\u00e3o.<\/p>\n<p>Uma das prioridades da gest\u00e3o municipal, a sa\u00fade de Pimenteiras vem vencendo as dificuldades de cobrir uma dos maiores munic\u00edpios do estado em extens\u00e3o com uma equipe afinada e em sintonia com as determina\u00e7\u00f5es do prefeito Venicio do \u00d3 que \u00e9 de n\u00e3o faltar atendimento medico a nem um pimenteirense.<\/p>\n<p><strong><div class=\"ngg-galleryoverview\" data-widget=\"Galeria\" data-props='{&quot;galeria&quot;:{&quot;gallery_id&quot;:1914,&quot;total&quot;:19,&quot;max_page&quot;:1,&quot;page&quot;:1,&quot;images&quot;:[{&quot;pid&quot;:40351,&quot;imageURL&quot;:&quot;https:\\\/\\\/portalv1.com.br\\\/app\\\/wp-content\\\/gallery\\\/venicio-appm\\\/img-20150812-wa0002.jpg?t=1747635809&quot;,&quot;thumbnailURL&quot;:&quot;https:\\\/\\\/portalv1.com.br\\\/app\\\/wp-content\\\/gallery\\\/venicio-appm\\\/thumbs\\\/thumbs_img-20150812-wa0002.jpg?t=1747635809&quot;,&quot;description&quot;:&quot; &quot;,&quot;alttext&quot;:&quot;img-20150812-wa0002&quot;,&quot;style&quot;:&quot;&quot;},{&quot;pid&quot;:40352,&quot;imageURL&quot;:&quot;https:\\\/\\\/portalv1.com.br\\\/app\\\/wp-content\\\/gallery\\\/venicio-appm\\\/img-20150812-wa0003.jpg?t=1747635808&quot;,&quot;thumbnailURL&quot;:&quot;https:\\\/\\\/portalv1.com.br\\\/app\\\/wp-content\\\/gallery\\\/venicio-appm\\\/thumbs\\\/thumbs_img-20150812-wa0003.jpg?t=1747635808&quot;,&quot;description&quot;:&quot; &quot;,&quot;alttext&quot;:&quot;img-20150812-wa0003&quot;,&quot;style&quot;:&quot;&quot;},{&quot;pid&quot;:40353,&quot;imageURL&quot;:&quot;https:\\\/\\\/portalv1.com.br\\\/app\\\/wp-content\\\/gallery\\\/venicio-appm\\\/img-20150812-wa0004.jpg?t=1747635807&quot;,&quot;thumbnailURL&quot;:&quot;https:\\\/\\\/portalv1.com.br\\\/app\\\/wp-content\\\/gallery\\\/venicio-appm\\\/thumbs\\\/thumbs_img-20150812-wa0004.jpg?t=1747635807&quot;,&quot;description&quot;:&quot; &quot;,&quot;alttext&quot;:&quot;img-20150812-wa0004&quot;,&quot;style&quot;:&quot;&quot;},{&quot;pid&quot;:40354,&quot;imageURL&quot;:&quot;https:\\\/\\\/portalv1.com.br\\\/app\\\/wp-content\\\/gallery\\\/venicio-appm\\\/img-20150812-wa0005.jpg?t=1747635810&quot;,&quot;thumbnailURL&quot;:&quot;https:\\\/\\\/portalv1.com.br\\\/app\\\/wp-content\\\/gallery\\\/venicio-appm\\\/thumbs\\\/thumbs_img-20150812-wa0005.jpg?t=1747635810&quot;,&quot;description&quot;:&quot; &quot;,&quot;alttext&quot;:&quot;img-20150812-wa0005&quot;,&quot;style&quot;:&quot;&quot;},{&quot;pid&quot;:40355,&quot;imageURL&quot;:&quot;https:\\\/\\\/portalv1.com.br\\\/app\\\/wp-content\\\/gallery\\\/venicio-appm\\\/img-20150812-wa0006.jpg?t=1747635813&quot;,&quot;thumbnailURL&quot;:&quot;https:\\\/\\\/portalv1.com.br\\\/app\\\/wp-content\\\/gallery\\\/venicio-appm\\\/thumbs\\\/thumbs_img-20150812-wa0006.jpg?t=1747635813&quot;,&quot;description&quot;:&quot; &quot;,&quot;alttext&quot;:&quot;img-20150812-wa0006&quot;,&quot;style&quot;:&quot;&quot;},{&quot;pid&quot;:40356,&quot;imageURL&quot;:&quot;https:\\\/\\\/portalv1.com.br\\\/app\\\/wp-content\\\/gallery\\\/venicio-appm\\\/img-20150812-wa0007.jpg?t=1747635807&quot;,&quot;thumbnailURL&quot;:&quot;https:\\\/\\\/portalv1.com.br\\\/app\\\/wp-content\\\/gallery\\\/venicio-appm\\\/thumbs\\\/thumbs_img-20150812-wa0007.jpg?t=1747635807&quot;,&quot;description&quot;:&quot; &quot;,&quot;alttext&quot;:&quot;img-20150812-wa0007&quot;,&quot;style&quot;:&quot;&quot;},{&quot;pid&quot;:40357,&quot;imageURL&quot;:&quot;https:\\\/\\\/portalv1.com.br\\\/app\\\/wp-content\\\/gallery\\\/venicio-appm\\\/img-20150812-wa0008.jpg?t=1747635814&quot;,&quot;thumbnailURL&quot;:&quot;https:\\\/\\\/portalv1.com.br\\\/app\\\/wp-content\\\/gallery\\\/venicio-appm\\\/thumbs\\\/thumbs_img-20150812-wa0008.jpg?t=1747635814&quot;,&quot;description&quot;:&quot; &quot;,&quot;alttext&quot;:&quot;img-20150812-wa0008&quot;,&quot;style&quot;:&quot;&quot;},{&quot;pid&quot;:40358,&quot;imageURL&quot;:&quot;https:\\\/\\\/portalv1.com.br\\\/app\\\/wp-content\\\/gallery\\\/venicio-appm\\\/img-20150812-wa0009.jpg?t=1747635808&quot;,&quot;thumbnailURL&quot;:&quot;https:\\\/\\\/portalv1.com.br\\\/app\\\/wp-content\\\/gallery\\\/venicio-appm\\\/thumbs\\\/thumbs_img-20150812-wa0009.jpg?t=1747635808&quot;,&quot;description&quot;:&quot; &quot;,&quot;alttext&quot;:&quot;img-20150812-wa0009&quot;,&quot;style&quot;:&quot;&quot;},{&quot;pid&quot;:40359,&quot;imageURL&quot;:&quot;https:\\\/\\\/portalv1.com.br\\\/app\\\/wp-content\\\/gallery\\\/venicio-appm\\\/img-20150812-wa0010.jpg?t=1747635811&quot;,&quot;thumbnailURL&quot;:&quot;https:\\\/\\\/portalv1.com.br\\\/app\\\/wp-content\\\/gallery\\\/venicio-appm\\\/thumbs\\\/thumbs_img-20150812-wa0010.jpg?t=1747635811&quot;,&quot;description&quot;:&quot; &quot;,&quot;alttext&quot;:&quot;img-20150812-wa0010&quot;,&quot;style&quot;:&quot;&quot;},{&quot;pid&quot;:40360,&quot;imageURL&quot;:&quot;https:\\\/\\\/portalv1.com.br\\\/app\\\/wp-content\\\/gallery\\\/venicio-appm\\\/img-20150817-wa0006.jpg?t=1747635811&quot;,&quot;thumbnailURL&quot;:&quot;https:\\\/\\\/portalv1.com.br\\\/app\\\/wp-content\\\/gallery\\\/venicio-appm\\\/thumbs\\\/thumbs_img-20150817-wa0006.jpg?t=1747635811&quot;,&quot;description&quot;:&quot; &quot;,&quot;alttext&quot;:&quot;img-20150817-wa0006&quot;,&quot;style&quot;:&quot;&quot;},{&quot;pid&quot;:40361,&quot;imageURL&quot;:&quot;https:\\\/\\\/portalv1.com.br\\\/app\\\/wp-content\\\/gallery\\\/venicio-appm\\\/img-20150817-wa0010.jpg?t=1747635811&quot;,&quot;thumbnailURL&quot;:&quot;https:\\\/\\\/portalv1.com.br\\\/app\\\/wp-content\\\/gallery\\\/venicio-appm\\\/thumbs\\\/thumbs_img-20150817-wa0010.jpg?t=1747635811&quot;,&quot;description&quot;:&quot; &quot;,&quot;alttext&quot;:&quot;img-20150817-wa0010&quot;,&quot;style&quot;:&quot;&quot;},{&quot;pid&quot;:40362,&quot;imageURL&quot;:&quot;https:\\\/\\\/portalv1.com.br\\\/app\\\/wp-content\\\/gallery\\\/venicio-appm\\\/img-20150817-wa0011.jpg?t=1747635812&quot;,&quot;thumbnailURL&quot;:&quot;https:\\\/\\\/portalv1.com.br\\\/app\\\/wp-content\\\/gallery\\\/venicio-appm\\\/thumbs\\\/thumbs_img-20150817-wa0011.jpg?t=1747635812&quot;,&quot;description&quot;:&quot; &quot;,&quot;alttext&quot;:&quot;img-20150817-wa0011&quot;,&quot;style&quot;:&quot;&quot;},{&quot;pid&quot;:40363,&quot;imageURL&quot;:&quot;https:\\\/\\\/portalv1.com.br\\\/app\\\/wp-content\\\/gallery\\\/venicio-appm\\\/img-20150817-wa0012.jpg?t=1747635812&quot;,&quot;thumbnailURL&quot;:&quot;https:\\\/\\\/portalv1.com.br\\\/app\\\/wp-content\\\/gallery\\\/venicio-appm\\\/thumbs\\\/thumbs_img-20150817-wa0012.jpg?t=1747635812&quot;,&quot;description&quot;:&quot; &quot;,&quot;alttext&quot;:&quot;img-20150817-wa0012&quot;,&quot;style&quot;:&quot;&quot;},{&quot;pid&quot;:40364,&quot;imageURL&quot;:&quot;https:\\\/\\\/portalv1.com.br\\\/app\\\/wp-content\\\/gallery\\\/venicio-appm\\\/img-20150817-wa0013.jpg?t=1747635810&quot;,&quot;thumbnailURL&quot;:&quot;https:\\\/\\\/portalv1.com.br\\\/app\\\/wp-content\\\/gallery\\\/venicio-appm\\\/thumbs\\\/thumbs_img-20150817-wa0013.jpg?t=1747635810&quot;,&quot;description&quot;:&quot; &quot;,&quot;alttext&quot;:&quot;img-20150817-wa0013&quot;,&quot;style&quot;:&quot;&quot;},{&quot;pid&quot;:40365,&quot;imageURL&quot;:&quot;https:\\\/\\\/portalv1.com.br\\\/app\\\/wp-content\\\/gallery\\\/venicio-appm\\\/img-20150817-wa0016.jpg?t=1747635810&quot;,&quot;thumbnailURL&quot;:&quot;https:\\\/\\\/portalv1.com.br\\\/app\\\/wp-content\\\/gallery\\\/venicio-appm\\\/thumbs\\\/thumbs_img-20150817-wa0016.jpg?t=1747635810&quot;,&quot;description&quot;:&quot; &quot;,&quot;alttext&quot;:&quot;img-20150817-wa0016&quot;,&quot;style&quot;:&quot;&quot;},{&quot;pid&quot;:40366,&quot;imageURL&quot;:&quot;https:\\\/\\\/portalv1.com.br\\\/app\\\/wp-content\\\/gallery\\\/venicio-appm\\\/img-20150817-wa0020.jpg?t=1747635812&quot;,&quot;thumbnailURL&quot;:&quot;https:\\\/\\\/portalv1.com.br\\\/app\\\/wp-content\\\/gallery\\\/venicio-appm\\\/thumbs\\\/thumbs_img-20150817-wa0020.jpg?t=1747635812&quot;,&quot;description&quot;:&quot; &quot;,&quot;alttext&quot;:&quot;img-20150817-wa0020&quot;,&quot;style&quot;:&quot;&quot;},{&quot;pid&quot;:40367,&quot;imageURL&quot;:&quot;https:\\\/\\\/portalv1.com.br\\\/app\\\/wp-content\\\/gallery\\\/venicio-appm\\\/img-20150817-wa0023.jpg?t=1747635810&quot;,&quot;thumbnailURL&quot;:&quot;https:\\\/\\\/portalv1.com.br\\\/app\\\/wp-content\\\/gallery\\\/venicio-appm\\\/thumbs\\\/thumbs_img-20150817-wa0023.jpg?t=1747635810&quot;,&quot;description&quot;:&quot; &quot;,&quot;alttext&quot;:&quot;img-20150817-wa0023&quot;,&quot;style&quot;:&quot;&quot;},{&quot;pid&quot;:40368,&quot;imageURL&quot;:&quot;https:\\\/\\\/portalv1.com.br\\\/app\\\/wp-content\\\/gallery\\\/venicio-appm\\\/img-20150817-wa0026.jpg?t=1747635809&quot;,&quot;thumbnailURL&quot;:&quot;https:\\\/\\\/portalv1.com.br\\\/app\\\/wp-content\\\/gallery\\\/venicio-appm\\\/thumbs\\\/thumbs_img-20150817-wa0026.jpg?t=1747635809&quot;,&quot;description&quot;:&quot; &quot;,&quot;alttext&quot;:&quot;img-20150817-wa0026&quot;,&quot;style&quot;:&quot;&quot;},{&quot;pid&quot;:40369,&quot;imageURL&quot;:&quot;https:\\\/\\\/portalv1.com.br\\\/app\\\/wp-content\\\/gallery\\\/venicio-appm\\\/img-20150817-wa0027.jpg?t=1747635813&quot;,&quot;thumbnailURL&quot;:&quot;https:\\\/\\\/portalv1.com.br\\\/app\\\/wp-content\\\/gallery\\\/venicio-appm\\\/thumbs\\\/thumbs_img-20150817-wa0027.jpg?t=1747635813&quot;,&quot;description&quot;:&quot; &quot;,&quot;alttext&quot;:&quot;img-20150817-wa0027&quot;,&quot;style&quot;:&quot;&quot;}]}}'><\/div><\/strong>.<\/p>\n","protected":false},"excerpt":{"rendered":"<p>Nesta segunda-feira (17) o prefeito de Pimenteiras Venicio do \u00d3 participa de reuni\u00e3o na sede da APPM para discutir o impacto da crise econ\u00f4mica nas prefeituras piauienses. As dificuldades est\u00e3o&#8230;<\/p>\n","protected":false},"author":1,"featured_media":0,"comment_status":"open","ping_status":"open","sticky":false,"template":"","format":"standard","meta":{"ngg_post_thumbnail":0,"footnotes":""},"categories":[12],"tags":[],"class_list":["post-21643","post","type-post","status-publish","format-standard","hentry","category-valenca-news"],"views":332,"meta_data":{"thumb":"https:\/\/portalv1.com.br\/app\/wp-content\/uploads\/2015\/08\/VENICIO-O.jpg","data":{"simple":"17\/08\/2015","date_time":"17\/08\/2015 15:33:39","date":"h\u00e1 11 anos"},"chapeu":"Reuni\u00e3o de Prefeitos ","source":"foto_menor"},"_links":{"self":[{"href":"https:\/\/portalv1.com.br\/api\/wp\/v2\/posts\/21643","targetHints":{"allow":["GET"]}}],"collection":[{"href":"https:\/\/portalv1.com.br\/api\/wp\/v2\/posts"}],"about":[{"href":"https:\/\/portalv1.com.br\/api\/wp\/v2\/types\/post"}],"author":[{"embeddable":true,"href":"https:\/\/portalv1.com.br\/api\/wp\/v2\/users\/1"}],"replies":[{"embeddable":true,"href":"https:\/\/portalv1.com.br\/api\/wp\/v2\/comments?post=21643"}],"version-history":[{"count":0,"href":"https:\/\/portalv1.com.br\/api\/wp\/v2\/posts\/21643\/revisions"}],"wp:attachment":[{"href":"https:\/\/portalv1.com.br\/api\/wp\/v2\/media?parent=21643"}],"wp:term":[{"taxonomy":"category","embeddable":true,"href":"https:\/\/portalv1.com.br\/api\/wp\/v2\/categories?post=21643"},{"taxonomy":"post_tag","embeddable":true,"href":"https:\/\/portalv1.com.br\/api\/wp\/v2\/tags?post=21643"}],"curies":[{"name":"wp","href":"https:\/\/api.w.org\/{rel}","templated":true}]}}