{"id":21645,"date":"2015-08-18T09:47:56","date_gmt":"2015-08-18T12:47:56","guid":{"rendered":"https:\/\/portalv1.com.br\/?p=21645"},"modified":"2015-08-18T09:52:07","modified_gmt":"2015-08-18T12:52:07","slug":"prefeito-walfredo-filho-chama-governador-e-vice-de-oportunistas-de-plantao","status":"publish","type":"post","link":"https:\/\/portalv1.com.br\/prefeito-walfredo-filho-chama-governador-e-vice-de-oportunistas-de-plantao\/","title":{"rendered":"Prefeito Walfredo Filho chama governador e vice de oportunistas de plant\u00e3o"},"content":{"rendered":"<figure id=\"attachment_21554\" aria-describedby=\"caption-attachment-21554\" style=\"width: 300px\" class=\"wp-caption alignright\"><a href=\"https:\/\/portalv1.com.br\/app\/wp-content\/uploads\/2015\/08\/walfredo-filho.jpg\"><img loading=\"lazy\" decoding=\"async\" class=\"size-medium wp-image-21554\" src=\"https:\/\/portalv1.com.br\/app\/wp-content\/uploads\/2015\/08\/walfredo-filho-300x199.jpg\" alt=\"Prefeito Walfredo Filho \" width=\"300\" height=\"199\" srcset=\"https:\/\/portalv1.com.br\/app\/wp-content\/uploads\/2015\/08\/walfredo-filho-300x199.jpg 300w, https:\/\/portalv1.com.br\/app\/wp-content\/uploads\/2015\/08\/walfredo-filho.jpg 585w\" sizes=\"auto, (max-width: 300px) 100vw, 300px\" \/><\/a><figcaption id=\"caption-attachment-21554\" class=\"wp-caption-text\">Prefeito Walfredo Filho<\/figcaption><\/figure>\n<p>O prefeito Walfredo Filho usou as redes sociais para comentar sobre a presen\u00e7a dos agentes do Detran que est\u00e3o realizando blitz no munic\u00edpio desde s\u00e1bado passado. O prefeito culpou o governador Wellington Dias, vice-governadora Margarete Coelho e a oposi\u00e7\u00e3o pela realiza\u00e7\u00e3o das blitz. Walfredo Filho chamou as autoridades de \u201cOportunistas de Plant\u00e3o\u201d, que vieram a Valen\u00e7a com o \u00fanico intuito de arrecadar dinheiro as custas do povo humilde e trabalhador.<\/p>\n<p>\u201cEsta a\u00e7\u00e3o \u00e9 \u00fanica e exclusiva de responsabilidade do estado autorizado pelo nosso governador Welington Dias, sua Vice governadora Margaret Coelho, Detran e Pol\u00edcia Militar. Deixo bem claro para esses oportunistas de plant\u00e3o que a popula\u00e7\u00e3o n\u00e3o \u00e9 tola nem muito menos cega e sabe que \u00e9 o governo estadual querendo arrecadar as custas do nosso povo humilde e trabalhador\u201d disse.<\/p>\n<p>Sobre as lideran\u00e7as locais, o prefeito afirmou que s\u00e3o pol\u00edticos fantoches que j\u00e1 est\u00e3o come\u00e7ando a se mover por causa das elei\u00e7\u00f5es do pr\u00f3ximo ano.<\/p>\n<p>\u201cAmigos val\u00eancianos as elei\u00e7\u00f5es municipais s\u00f3 ir\u00e3o acontecer em outubro do pr\u00f3ximo ano m\u00e1s podemos ver que aqueles ditos pol\u00edticos fantoches j\u00e1 est\u00e3o come\u00e7ando a aparecer\u201d afirmou. O prefeito terminou a postagem afirmando que at\u00e9 acha necess\u00e1ria a fiscaliza\u00e7\u00e3o mais com o intuito de educar e n\u00e3o de penalizar.<\/p>\n<p><a href=\"https:\/\/portalv1.com.br\/app\/wp-content\/uploads\/2015\/08\/wal.jpg\"><img loading=\"lazy\" decoding=\"async\" class=\"aligncenter size-large wp-image-21646\" src=\"https:\/\/portalv1.com.br\/app\/wp-content\/uploads\/2015\/08\/wal-640x480.jpg\" alt=\"wal\" width=\"640\" height=\"480\" srcset=\"https:\/\/portalv1.com.br\/app\/wp-content\/uploads\/2015\/08\/wal.jpg 640w, https:\/\/portalv1.com.br\/app\/wp-content\/uploads\/2015\/08\/wal-300x225.jpg 300w\" sizes=\"auto, (max-width: 640px) 100vw, 640px\" \/><\/a><\/p>\n","protected":false},"excerpt":{"rendered":"<p>O prefeito Walfredo Filho usou as redes sociais para comentar sobre a presen\u00e7a dos agentes do Detran que est\u00e3o realizando blitz no munic\u00edpio desde s\u00e1bado passado. O prefeito culpou o&#8230;<\/p>\n","protected":false},"author":1,"featured_media":21554,"comment_status":"open","ping_status":"open","sticky":false,"template":"","format":"standard","meta":{"ngg_post_thumbnail":0,"footnotes":""},"categories":[12],"tags":[],"class_list":["post-21645","post","type-post","status-publish","format-standard","has-post-thumbnail","hentry","category-valenca-news"],"views":1541,"meta_data":{"thumb":"https:\/\/portalv1.com.br\/app\/wp-content\/uploads\/2015\/08\/walfredo-filho.jpg","imagem":{"fullsize":{"url":"https:\/\/portalv1.com.br\/app\/wp-content\/uploads\/2015\/08\/walfredo-filho.jpg","width":585,"height":389},"thumbnail":{"url":"https:\/\/portalv1.com.br\/app\/wp-content\/uploads\/2015\/08\/walfredo-filho-100x100.jpg","width":100,"height":100},"medium":{"url":"https:\/\/portalv1.com.br\/app\/wp-content\/uploads\/2015\/08\/walfredo-filho-300x199.jpg","width":300,"height":199}},"data":{"simple":"18\/08\/2015","date_time":"18\/08\/2015 06:47:56","date":"h\u00e1 11 anos"},"chapeu":"Pol\u00edticos fantoches ","source":"slide"},"_links":{"self":[{"href":"https:\/\/portalv1.com.br\/api\/wp\/v2\/posts\/21645","targetHints":{"allow":["GET"]}}],"collection":[{"href":"https:\/\/portalv1.com.br\/api\/wp\/v2\/posts"}],"about":[{"href":"https:\/\/portalv1.com.br\/api\/wp\/v2\/types\/post"}],"author":[{"embeddable":true,"href":"https:\/\/portalv1.com.br\/api\/wp\/v2\/users\/1"}],"replies":[{"embeddable":true,"href":"https:\/\/portalv1.com.br\/api\/wp\/v2\/comments?post=21645"}],"version-history":[{"count":0,"href":"https:\/\/portalv1.com.br\/api\/wp\/v2\/posts\/21645\/revisions"}],"wp:featuredmedia":[{"embeddable":true,"href":"https:\/\/portalv1.com.br\/api\/wp\/v2\/media\/21554"}],"wp:attachment":[{"href":"https:\/\/portalv1.com.br\/api\/wp\/v2\/media?parent=21645"}],"wp:term":[{"taxonomy":"category","embeddable":true,"href":"https:\/\/portalv1.com.br\/api\/wp\/v2\/categories?post=21645"},{"taxonomy":"post_tag","embeddable":true,"href":"https:\/\/portalv1.com.br\/api\/wp\/v2\/tags?post=21645"}],"curies":[{"name":"wp","href":"https:\/\/api.w.org\/{rel}","templated":true}]}}