{"id":21657,"date":"2015-08-20T00:56:19","date_gmt":"2015-08-20T03:56:19","guid":{"rendered":"https:\/\/portalv1.com.br\/?p=21657"},"modified":"2015-08-23T21:38:04","modified_gmt":"2015-08-24T00:38:04","slug":"fisioterapeuta-dra-maria-dos-remedios-recebera-titulo-de-cidadania-valenciana","status":"publish","type":"post","link":"https:\/\/portalv1.com.br\/fisioterapeuta-dra-maria-dos-remedios-recebera-titulo-de-cidadania-valenciana\/","title":{"rendered":"Fisioterapeuta Dr\u00aa Maria dos Rem\u00e9dios receber\u00e1 titulo de cidadania valenciana"},"content":{"rendered":"<figure id=\"attachment_21658\" aria-describedby=\"caption-attachment-21658\" style=\"width: 450px\" class=\"wp-caption aligncenter\"><a href=\"https:\/\/portalv1.com.br\/app\/wp-content\/uploads\/2015\/08\/DSC_0338.jpg\"><img loading=\"lazy\" decoding=\"async\" class=\"wp-image-21658\" src=\"https:\/\/portalv1.com.br\/app\/wp-content\/uploads\/2015\/08\/DSC_0338-640x427.jpg\" alt=\"Dr\u00aa Maria dos Rem\u00e9dios \" width=\"450\" height=\"300\" srcset=\"https:\/\/portalv1.com.br\/app\/wp-content\/uploads\/2015\/08\/DSC_0338.jpg 640w, https:\/\/portalv1.com.br\/app\/wp-content\/uploads\/2015\/08\/DSC_0338-300x200.jpg 300w\" sizes=\"auto, (max-width: 450px) 100vw, 450px\" \/><\/a><figcaption id=\"caption-attachment-21658\" class=\"wp-caption-text\">Dr\u00aa Maria dos Rem\u00e9dios<\/figcaption><\/figure>\n<p>A C\u00e2mara de Vereadores de Valen\u00e7a aprovou por unanimidade projeto de decreto legislativo de autoria do vereador Getulio Gomes que concede titulo de cidadania valenciana a fisioterapeuta Maria dos Rem\u00e9dios Vieira Noronha pelos relevantes servi\u00e7os prestados a cidade de Valen\u00e7a. Natural da cidade de Picos Dr\u00aa Maria dos Rem\u00e9dios teve seu primeiro contato com nossa cidade em 1989, quando trabalhou na APAE.<\/p>\n<p>Nesse per\u00edodo ela teve uma participa\u00e7\u00e3o importante e voluntaria no auxilio a sele\u00e7\u00e3o Valenciana de futebol que disputava o Torneio Intermunicipal. Ap\u00f3s seu trabalho em Valen\u00e7a ela foi convidada em 1994 a trabalhar na cidade de Barreiras na Bahia, onde na companhia do ortopedista Dr Davy Bossa se tornou assim como em Valen\u00e7a a primeira fisioterapeuta da cidade.<\/p>\n<p>Ainda em Barreiras ela assumiu a coordena\u00e7\u00e3o do Hospital Geral Eurico Dutra de 1996 a 2003. Em 2004 volta a Valen\u00e7a, onde casou-se com o cearense Francisco Assis Noronha no mesmo ano fundou a Clinica de Fisioterapia Esfera, onde hoje trabalha ao lado de sua filha Simira Veloso que assim como a m\u00e3e \u00e9 formada em fisioterapia.<\/p>\n<p>Dr\u00aa Maria dos Rem\u00e9dios que j\u00e1 se candidatou a vereadora em Valen\u00e7a tem um belo hist\u00f3rico de a\u00e7\u00f5es sociais no munic\u00edpio. Ela \u00e9 uma das organizadoras do Natal Solid\u00e1rio que distribui presentes as crian\u00e7as carentes no final de ano. \u00c9 presidenta da Associa\u00e7\u00e3o Praticando a F\u00e9 que articula a viabiliza\u00e7\u00e3o da constru\u00e7\u00e3o da casa do idoso, al\u00e9m de ser voluntaria no projeto de implanta\u00e7\u00e3o da Fazenda da Paz em Valen\u00e7a.<\/p>\n<p>Durante a discuss\u00e3o do decreto, al\u00e9m de votarem unanimemente, os vereadores refor\u00e7aram o merecimento da homenageada, que de fato tem uma historia de trabalho e dedica\u00e7\u00e3o ao munic\u00edpio.<\/p>\n<p>Sobre o recebimento do titulo, ela afirmou que recebe com alegria e com o compromisso redobrado com a cidade. \u201cQuero dar as pessoas tudo que elas esperam de mim, dedica\u00e7\u00e3o, profissionalismo e amor e esse titulo dobra minha responsabilidade com Valen\u00e7a, terra que escolhi pra morar\u201d disse. O titulo de cidadania ser\u00e1 entregue dia 18 de setembro no Col\u00e9gio Santo Antonio em sess\u00e3o solene do Poder Legislativo que agraciar\u00e1 ainda outras personalidades.<\/p>\n","protected":false},"excerpt":{"rendered":"<p>A C\u00e2mara de Vereadores de Valen\u00e7a aprovou por unanimidade projeto de decreto legislativo de autoria do vereador Getulio Gomes que concede titulo de cidadania valenciana a fisioterapeuta Maria dos Rem\u00e9dios&#8230;<\/p>\n","protected":false},"author":1,"featured_media":0,"comment_status":"open","ping_status":"open","sticky":false,"template":"","format":"standard","meta":{"ngg_post_thumbnail":0,"footnotes":""},"categories":[12],"tags":[],"class_list":["post-21657","post","type-post","status-publish","format-standard","hentry","category-valenca-news"],"views":1067,"meta_data":{"thumb":null,"imagem":{"fullsize":{"url":"https:\/\/portalv1.com.br\/app\/wp-content\/uploads\/2015\/08\/DSC_0338.jpg","width":640,"height":427},"thumbnail":{"url":"https:\/\/portalv1.com.br\/app\/wp-content\/uploads\/2015\/08\/DSC_0338-100x100.jpg","width":100,"height":100},"medium":{"url":"https:\/\/portalv1.com.br\/app\/wp-content\/uploads\/2015\/08\/DSC_0338-300x200.jpg","width":300,"height":200},"large":{"url":"https:\/\/portalv1.com.br\/app\/wp-content\/uploads\/2015\/08\/DSC_0338-640x427.jpg","width":640,"height":427}},"data":{"simple":"19\/08\/2015","date_time":"19\/08\/2015 21:56:19","date":"h\u00e1 11 anos"},"chapeu":"Reconhecimento ","source":"foto_menor"},"_links":{"self":[{"href":"https:\/\/portalv1.com.br\/api\/wp\/v2\/posts\/21657","targetHints":{"allow":["GET"]}}],"collection":[{"href":"https:\/\/portalv1.com.br\/api\/wp\/v2\/posts"}],"about":[{"href":"https:\/\/portalv1.com.br\/api\/wp\/v2\/types\/post"}],"author":[{"embeddable":true,"href":"https:\/\/portalv1.com.br\/api\/wp\/v2\/users\/1"}],"replies":[{"embeddable":true,"href":"https:\/\/portalv1.com.br\/api\/wp\/v2\/comments?post=21657"}],"version-history":[{"count":0,"href":"https:\/\/portalv1.com.br\/api\/wp\/v2\/posts\/21657\/revisions"}],"wp:attachment":[{"href":"https:\/\/portalv1.com.br\/api\/wp\/v2\/media?parent=21657"}],"wp:term":[{"taxonomy":"category","embeddable":true,"href":"https:\/\/portalv1.com.br\/api\/wp\/v2\/categories?post=21657"},{"taxonomy":"post_tag","embeddable":true,"href":"https:\/\/portalv1.com.br\/api\/wp\/v2\/tags?post=21657"}],"curies":[{"name":"wp","href":"https:\/\/api.w.org\/{rel}","templated":true}]}}