{"id":216804,"date":"2024-09-03T12:48:08","date_gmt":"2024-09-03T15:48:08","guid":{"rendered":"https:\/\/portalv1.com.br\/?p=216804"},"modified":"2024-09-03T12:50:39","modified_gmt":"2024-09-03T15:50:39","slug":"petistas-de-francinopolis-anunciam-apoio-a-campanha-de-dr-antonio-luiz","status":"publish","type":"post","link":"https:\/\/portalv1.com.br\/petistas-de-francinopolis-anunciam-apoio-a-campanha-de-dr-antonio-luiz\/","title":{"rendered":"Petistas de Francin\u00f3polis anunciam apoio \u00e0 campanha de Dr. Ant\u00f4nio Luiz"},"content":{"rendered":"<p>Em um movimento pol\u00edtico significativo, o diretor estadual do Partido dos Trabalhadores (PT) em Francin\u00f3polis, S\u00e9rgio do PT, anunciou sua ades\u00e3o \u00e0 campanha de Dr. Ant\u00f4nio Luiz, candidato \u00e0 prefeitura do munic\u00edpio. A decis\u00e3o marca um momento de uni\u00e3o e apoio m\u00fatuo entre lideran\u00e7as locais, visando a continuidade de um projeto de desenvolvimento para a cidade.<\/p>\n<p>O atual prefeito, Paulo C\u00e9sar, comentou sobre o apoio de S\u00e9rgio. &#8220;O S\u00e9rgio, ele j\u00e1 era um parceiro nosso na nossa elei\u00e7\u00e3o anterior, a\u00ed na elei\u00e7\u00e3o do governo, ficamos em lados opostos, mas n\u00e3o inimigos. Isso a\u00ed favoreceu para a gente nos unirmos depois em prol de Francin\u00f3polis. Eu sabia que ele tamb\u00e9m, ele tem um sonho para uma Francin\u00f3polis melhor, ent\u00e3o ficou mais f\u00e1cil essa uni\u00e3o. Ent\u00e3o hoje, estamos muito felizes dele estar nos apoiando aqui, apoiando a popula\u00e7\u00e3o de Francin\u00f3polis e a candidatura do doutor Ant\u00f4nio Luiz&#8221;, ressalta o prefeito.<\/p>\n<p>Sergio do PT disse que a decis\u00e3o de apoiar o atual grupo pol\u00edtico foi motivada pelo reconhecimento da gest\u00e3o de Paulo C\u00e9sar e pela vontade de dar continuidade ao progresso de Francin\u00f3polis.<\/p>\n<p>\u201cVendo essa gest\u00e3o, n\u00e3o pode ficar contra o povo. Eu quero primeiro dizer o seguinte, Paulo C\u00e9sar fez uma grande administra\u00e7\u00e3o, ent\u00e3o eu tive uma candidatura que n\u00e3o foi vi\u00e1vel e a gente tem que ter consci\u00eancia pol\u00edtica e apoiar aquele projeto que \u00e9 construtivo, o Francin\u00f3polis precisa continuar e eu quero acreditar aqui no Ant\u00f4nio Luiz que vai fazer uma gest\u00e3o continuada, uma gest\u00e3o daqui do Paulo C\u00e9sar para frente\u201d, afirmou S\u00e9rgio, demonstrando confian\u00e7a na continuidade das a\u00e7\u00f5es positivas para a cidade.<\/p>\n<p>Ele tamb\u00e9m refor\u00e7ou suas expectativas para o futuro: \u201cEspero que o Ant\u00f4nio Luiz d\u00ea continuidade a esse trabalho de crescimento e desenvolvimento do Francin\u00f3polis. Ent\u00e3o eu estou apostando no Ant\u00f4nio Luiz e no Chico da Celi\u201d, disse.<\/p>\n<p>Dr. Ant\u00f4nio Luiz, candidato a prefeito, agradeceu o apoio e destacou o compromisso com a uni\u00e3o de for\u00e7as em prol da popula\u00e7\u00e3o. \u201cN\u00f3s temos compromisso com a popula\u00e7\u00e3o de Francin\u00f3polis e n\u00f3s n\u00e3o vamos dividir jamais. N\u00f3s vamos somar, somar, somar vamos sacudir Francin\u00f3polis\u201d, enfatizou o candidato.<\/p>\n<p>O vice na chapa, Chico da Celi, tamb\u00e9m celebrou o apoio de S\u00e9rgio do PT. \u201cA vinda do S\u00e9rgio \u00e9 uma vinda para fortalecer o grupo, compartilhar com tudo que vai vir para a Francin\u00f3polis, porque \u00e9 um homem forte dentro do PT, a gente s\u00f3 tem a agradecer por tudo que ele vai conseguir nos ajudar em Francin\u00f3polis\u201d disse.<\/p>\n<p>A vice-prefeita Celi, por sua vez, destacou o potencial de crescimento que o apoio de S\u00e9rgio representa para a cidade. \u201cS\u00f3 tem a crescer com o apoio do S\u00e9rgio, Francin\u00f3polis s\u00f3 tem a crescer ele \u00e9 bem-vindo\u201d, afirmou.<\/p>\n<p>Al\u00e9m do apoio do diretor estadual do Partido dos Trabalhadores, a campanha de Dr. Ant\u00f4nio Luiz tamb\u00e9m ganhou a ades\u00e3o de tr\u00eas candidatos a vereador, Manoel Labor\u00e3o, Du\u00f3 e Pepe, e duas importantes lideran\u00e7as do PT em Francin\u00f3polis, Genivaldo Campelo e Valdir Campelo, refor\u00e7ando ainda mais o grupo pol\u00edtico em busca de uma gest\u00e3o continuada e progressista para o munic\u00edpio.<a href=\"https:\/\/portalv1.com.br\/app\/wp-content\/uploads\/2024\/09\/IMG_8842.jpg\"><img loading=\"lazy\" decoding=\"async\" class=\"aligncenter size-full wp-image-216810\" src=\"https:\/\/portalv1.com.br\/app\/wp-content\/uploads\/2024\/09\/IMG_8842.jpg\" alt=\"\" width=\"1800\" height=\"1011\" srcset=\"https:\/\/portalv1.com.br\/app\/wp-content\/uploads\/2024\/09\/IMG_8842.jpg 1800w, https:\/\/portalv1.com.br\/app\/wp-content\/uploads\/2024\/09\/IMG_8842-300x169.jpg 300w, https:\/\/portalv1.com.br\/app\/wp-content\/uploads\/2024\/09\/IMG_8842-640x359.jpg 640w, https:\/\/portalv1.com.br\/app\/wp-content\/uploads\/2024\/09\/IMG_8842-768x431.jpg 768w, https:\/\/portalv1.com.br\/app\/wp-content\/uploads\/2024\/09\/IMG_8842-1536x863.jpg 1536w\" sizes=\"auto, (max-width: 1800px) 100vw, 1800px\" \/><\/a><\/p>\n<p><a href=\"https:\/\/portalv1.com.br\/app\/wp-content\/uploads\/2024\/09\/IMG_9694.jpg\"><img loading=\"lazy\" decoding=\"async\" class=\"aligncenter size-full wp-image-216805\" src=\"https:\/\/portalv1.com.br\/app\/wp-content\/uploads\/2024\/09\/IMG_9694.jpg\" alt=\"\" width=\"1800\" height=\"1011\" srcset=\"https:\/\/portalv1.com.br\/app\/wp-content\/uploads\/2024\/09\/IMG_9694.jpg 1800w, https:\/\/portalv1.com.br\/app\/wp-content\/uploads\/2024\/09\/IMG_9694-300x169.jpg 300w, https:\/\/portalv1.com.br\/app\/wp-content\/uploads\/2024\/09\/IMG_9694-640x359.jpg 640w, https:\/\/portalv1.com.br\/app\/wp-content\/uploads\/2024\/09\/IMG_9694-768x431.jpg 768w, https:\/\/portalv1.com.br\/app\/wp-content\/uploads\/2024\/09\/IMG_9694-1536x863.jpg 1536w\" sizes=\"auto, (max-width: 1800px) 100vw, 1800px\" \/><\/a> <a href=\"https:\/\/portalv1.com.br\/app\/wp-content\/uploads\/2024\/09\/IMG_9619.jpg\"><img loading=\"lazy\" decoding=\"async\" class=\"aligncenter size-full wp-image-216806\" src=\"https:\/\/portalv1.com.br\/app\/wp-content\/uploads\/2024\/09\/IMG_9619.jpg\" alt=\"\" width=\"1800\" height=\"1011\" srcset=\"https:\/\/portalv1.com.br\/app\/wp-content\/uploads\/2024\/09\/IMG_9619.jpg 1800w, https:\/\/portalv1.com.br\/app\/wp-content\/uploads\/2024\/09\/IMG_9619-300x169.jpg 300w, https:\/\/portalv1.com.br\/app\/wp-content\/uploads\/2024\/09\/IMG_9619-640x359.jpg 640w, https:\/\/portalv1.com.br\/app\/wp-content\/uploads\/2024\/09\/IMG_9619-768x431.jpg 768w, https:\/\/portalv1.com.br\/app\/wp-content\/uploads\/2024\/09\/IMG_9619-1536x863.jpg 1536w\" sizes=\"auto, (max-width: 1800px) 100vw, 1800px\" \/><\/a> <a href=\"https:\/\/portalv1.com.br\/app\/wp-content\/uploads\/2024\/09\/IMG_8848.jpg\"><img loading=\"lazy\" decoding=\"async\" class=\"aligncenter size-full wp-image-216807\" src=\"https:\/\/portalv1.com.br\/app\/wp-content\/uploads\/2024\/09\/IMG_8848.jpg\" alt=\"\" width=\"1800\" height=\"1011\" srcset=\"https:\/\/portalv1.com.br\/app\/wp-content\/uploads\/2024\/09\/IMG_8848.jpg 1800w, https:\/\/portalv1.com.br\/app\/wp-content\/uploads\/2024\/09\/IMG_8848-300x169.jpg 300w, https:\/\/portalv1.com.br\/app\/wp-content\/uploads\/2024\/09\/IMG_8848-640x359.jpg 640w, https:\/\/portalv1.com.br\/app\/wp-content\/uploads\/2024\/09\/IMG_8848-768x431.jpg 768w, https:\/\/portalv1.com.br\/app\/wp-content\/uploads\/2024\/09\/IMG_8848-1536x863.jpg 1536w\" sizes=\"auto, (max-width: 1800px) 100vw, 1800px\" \/><\/a> <a href=\"https:\/\/portalv1.com.br\/app\/wp-content\/uploads\/2024\/09\/IMG_8833.jpg\"><img loading=\"lazy\" decoding=\"async\" class=\"aligncenter size-full wp-image-216808\" src=\"https:\/\/portalv1.com.br\/app\/wp-content\/uploads\/2024\/09\/IMG_8833.jpg\" alt=\"\" width=\"1800\" height=\"1011\" srcset=\"https:\/\/portalv1.com.br\/app\/wp-content\/uploads\/2024\/09\/IMG_8833.jpg 1800w, https:\/\/portalv1.com.br\/app\/wp-content\/uploads\/2024\/09\/IMG_8833-300x169.jpg 300w, https:\/\/portalv1.com.br\/app\/wp-content\/uploads\/2024\/09\/IMG_8833-640x359.jpg 640w, https:\/\/portalv1.com.br\/app\/wp-content\/uploads\/2024\/09\/IMG_8833-768x431.jpg 768w, https:\/\/portalv1.com.br\/app\/wp-content\/uploads\/2024\/09\/IMG_8833-1536x863.jpg 1536w\" sizes=\"auto, (max-width: 1800px) 100vw, 1800px\" \/><\/a> <a href=\"https:\/\/portalv1.com.br\/app\/wp-content\/uploads\/2024\/09\/IMG_8736.jpg\"><img loading=\"lazy\" decoding=\"async\" class=\"aligncenter size-full wp-image-216809\" src=\"https:\/\/portalv1.com.br\/app\/wp-content\/uploads\/2024\/09\/IMG_8736.jpg\" alt=\"\" width=\"1800\" height=\"1011\" srcset=\"https:\/\/portalv1.com.br\/app\/wp-content\/uploads\/2024\/09\/IMG_8736.jpg 1800w, https:\/\/portalv1.com.br\/app\/wp-content\/uploads\/2024\/09\/IMG_8736-300x169.jpg 300w, https:\/\/portalv1.com.br\/app\/wp-content\/uploads\/2024\/09\/IMG_8736-640x359.jpg 640w, https:\/\/portalv1.com.br\/app\/wp-content\/uploads\/2024\/09\/IMG_8736-768x431.jpg 768w, https:\/\/portalv1.com.br\/app\/wp-content\/uploads\/2024\/09\/IMG_8736-1536x863.jpg 1536w\" sizes=\"auto, (max-width: 1800px) 100vw, 1800px\" \/><\/a><\/p>\n","protected":false},"excerpt":{"rendered":"<p>Em um movimento pol\u00edtico significativo, o diretor estadual do Partido dos Trabalhadores (PT) em Francin\u00f3polis, S\u00e9rgio do PT, anunciou sua ades\u00e3o \u00e0 campanha de Dr. Ant\u00f4nio Luiz, candidato \u00e0 prefeitura&#8230;<\/p>\n","protected":false},"author":1,"featured_media":216812,"comment_status":"open","ping_status":"open","sticky":false,"template":"","format":"standard","meta":{"ngg_post_thumbnail":0,"footnotes":""},"categories":[243],"tags":[],"class_list":["post-216804","post","type-post","status-publish","format-standard","has-post-thumbnail","hentry","category-geral"],"views":782,"meta_data":{"thumb":"https:\/\/portalv1.com.br\/app\/wp-content\/uploads\/2024\/09\/francinopolis.jpg","imagem":{"fullsize":{"url":"https:\/\/portalv1.com.br\/app\/wp-content\/uploads\/2024\/09\/francinopolis.jpg","width":960,"height":720},"medium":{"url":"https:\/\/portalv1.com.br\/app\/wp-content\/uploads\/2024\/09\/francinopolis-300x225.jpg","width":300,"height":225},"large":{"url":"https:\/\/portalv1.com.br\/app\/wp-content\/uploads\/2024\/09\/francinopolis-640x480.jpg","width":640,"height":480},"thumbnail":{"url":"https:\/\/portalv1.com.br\/app\/wp-content\/uploads\/2024\/09\/francinopolis-100x100.jpg","width":100,"height":100},"medium_large":{"url":"https:\/\/portalv1.com.br\/app\/wp-content\/uploads\/2024\/09\/francinopolis-768x576.jpg","width":768,"height":576}},"data":{"simple":"03\/09\/2024","date_time":"03\/09\/2024 09:48:08","date":"h\u00e1 2 anos"},"chapeu":"Elie\u00e7\u00f5es 2024","source":"slide"},"_links":{"self":[{"href":"https:\/\/portalv1.com.br\/api\/wp\/v2\/posts\/216804","targetHints":{"allow":["GET"]}}],"collection":[{"href":"https:\/\/portalv1.com.br\/api\/wp\/v2\/posts"}],"about":[{"href":"https:\/\/portalv1.com.br\/api\/wp\/v2\/types\/post"}],"author":[{"embeddable":true,"href":"https:\/\/portalv1.com.br\/api\/wp\/v2\/users\/1"}],"replies":[{"embeddable":true,"href":"https:\/\/portalv1.com.br\/api\/wp\/v2\/comments?post=216804"}],"version-history":[{"count":0,"href":"https:\/\/portalv1.com.br\/api\/wp\/v2\/posts\/216804\/revisions"}],"wp:featuredmedia":[{"embeddable":true,"href":"https:\/\/portalv1.com.br\/api\/wp\/v2\/media\/216812"}],"wp:attachment":[{"href":"https:\/\/portalv1.com.br\/api\/wp\/v2\/media?parent=216804"}],"wp:term":[{"taxonomy":"category","embeddable":true,"href":"https:\/\/portalv1.com.br\/api\/wp\/v2\/categories?post=216804"},{"taxonomy":"post_tag","embeddable":true,"href":"https:\/\/portalv1.com.br\/api\/wp\/v2\/tags?post=216804"}],"curies":[{"name":"wp","href":"https:\/\/api.w.org\/{rel}","templated":true}]}}