{"id":21724,"date":"2015-09-01T11:12:58","date_gmt":"2015-09-01T14:12:58","guid":{"rendered":"https:\/\/portalv1.com.br\/?p=21724"},"modified":"2015-09-03T00:50:43","modified_gmt":"2015-09-03T03:50:43","slug":"prefeitura-de-valenca-concede-aumento-aos-servidores-municipais","status":"publish","type":"post","link":"https:\/\/portalv1.com.br\/prefeitura-de-valenca-concede-aumento-aos-servidores-municipais\/","title":{"rendered":"Prefeitura de Valen\u00e7a concede aumento aos servidores municipais"},"content":{"rendered":"<figure id=\"attachment_21725\" aria-describedby=\"caption-attachment-21725\" style=\"width: 300px\" class=\"wp-caption alignright\"><img loading=\"lazy\" decoding=\"async\" class=\"size-medium wp-image-21725\" src=\"https:\/\/portalv1.com.br\/app\/wp-content\/uploads\/2015\/09\/camara-300x225.jpg\" alt=\"C\u00e2mara de Vereadores \" width=\"300\" height=\"225\" srcset=\"https:\/\/portalv1.com.br\/app\/wp-content\/uploads\/2015\/09\/camara-300x225.jpg 300w, https:\/\/portalv1.com.br\/app\/wp-content\/uploads\/2015\/09\/camara.jpg 640w\" sizes=\"auto, (max-width: 300px) 100vw, 300px\" \/><figcaption id=\"caption-attachment-21725\" class=\"wp-caption-text\">C\u00e2mara de Vereadores<\/figcaption><\/figure>\n<p>A prefeitura de Valen\u00e7a enviou para a C\u00e2mara de Vereadores projetos de leis que concedem aumento salarial para os agentes administrativos A e B, t\u00e9cnicos agr\u00edcolas, de enfermagem e de higiene bucal. Para essas categorias, o reajuste ser\u00e1 de 20% divido em tr\u00eas parcelas, onde em seguida ser\u00e3o incorporados aos sal\u00e1rios dos servidores.<\/p>\n<p>Em outro projeto, a prefeitura concedeu 10% de reajustes aos m\u00e9dicos, dentistas, enfermeiros, fisioterapeutas, educadores f\u00edsicos, pedagogos e nutricionistas. O rejuste ser\u00e1 dividido em tr\u00eas vezes incorporando ao final aos sal\u00e1rios dos profissionais. O prefeito justificou o aumento informando que esses servidores n\u00e3o fazem parte de programas do governo federal por isso \u00e0 necessidade desses reajustes, uma vez, que os mesmos est\u00e3o h\u00e1 10 anos sem aumento real. O prefeito Walfredo Filho pediu que os vereadores votem as mat\u00e9rias em regime de urg\u00eancia.<\/p>\n<p>Na mesma sess\u00e3o o vereador Wilton Nunes aprovou dois requerimentos pedindo a raspagem do campo da comunidade Taboquinha e o conserto da estrada entre as comunidades Taboquinha e Pedrinhas.<\/p>\n<p>A vereadora Edilsa do Vale pediu que a prefeitura fiscalize com mais rigor o cumprimento da legisla\u00e7\u00e3o que diz respeito ao uso de equipamentos adequados por partes dos garis de nossa cidade. Segundo a vereadora a empresa vem descumprindo a legisla\u00e7\u00e3o e n\u00e3o \u00e9 punida por isso sobrando para os garis que s\u00e3o obrigados a trabalhar sem os equipamentos adequados.<\/p>\n<p>Em outro requerimento, a vereadora pediu que a prefeitura explique onde foi feita a implanta\u00e7\u00e3o do sistema de abastecimento de \u00e1gua que consumiu segundo tomada de pre\u00e7os um valor de R$ 78 mil reais. A vereadora afirmou que pelas notas a obra teria sido constru\u00edda na gest\u00e3o do prefeito interino Get\u00falio Gomes. Sobre o assunto o vereador Get\u00falio Gomes que presidia a sess\u00e3o n\u00e3o se pronunciou.<\/p>\n","protected":false},"excerpt":{"rendered":"<p>A prefeitura de Valen\u00e7a enviou para a C\u00e2mara de Vereadores projetos de leis que concedem aumento salarial para os agentes administrativos A e B, t\u00e9cnicos agr\u00edcolas, de enfermagem e de&#8230;<\/p>\n","protected":false},"author":1,"featured_media":0,"comment_status":"open","ping_status":"open","sticky":false,"template":"","format":"standard","meta":{"ngg_post_thumbnail":0,"footnotes":""},"categories":[12],"tags":[],"class_list":["post-21724","post","type-post","status-publish","format-standard","hentry","category-valenca-news"],"views":702,"meta_data":{"thumb":"https:\/\/portalv1.com.br\/app\/wp-content\/uploads\/2015\/09\/camara.jpg","data":{"simple":"01\/09\/2015","date_time":"01\/09\/2015 08:12:58","date":"h\u00e1 11 anos"},"chapeu":"Veja \u00edndices ","source":"foto_menor"},"_links":{"self":[{"href":"https:\/\/portalv1.com.br\/api\/wp\/v2\/posts\/21724","targetHints":{"allow":["GET"]}}],"collection":[{"href":"https:\/\/portalv1.com.br\/api\/wp\/v2\/posts"}],"about":[{"href":"https:\/\/portalv1.com.br\/api\/wp\/v2\/types\/post"}],"author":[{"embeddable":true,"href":"https:\/\/portalv1.com.br\/api\/wp\/v2\/users\/1"}],"replies":[{"embeddable":true,"href":"https:\/\/portalv1.com.br\/api\/wp\/v2\/comments?post=21724"}],"version-history":[{"count":0,"href":"https:\/\/portalv1.com.br\/api\/wp\/v2\/posts\/21724\/revisions"}],"wp:attachment":[{"href":"https:\/\/portalv1.com.br\/api\/wp\/v2\/media?parent=21724"}],"wp:term":[{"taxonomy":"category","embeddable":true,"href":"https:\/\/portalv1.com.br\/api\/wp\/v2\/categories?post=21724"},{"taxonomy":"post_tag","embeddable":true,"href":"https:\/\/portalv1.com.br\/api\/wp\/v2\/tags?post=21724"}],"curies":[{"name":"wp","href":"https:\/\/api.w.org\/{rel}","templated":true}]}}