{"id":21745,"date":"2015-09-04T00:35:50","date_gmt":"2015-09-04T03:35:50","guid":{"rendered":"https:\/\/portalv1.com.br\/?p=21745"},"modified":"2015-09-05T22:36:25","modified_gmt":"2015-09-06T01:36:25","slug":"servidores-municipais-realizarao-ato-contra-municipalizacao-da-previdencia","status":"publish","type":"post","link":"https:\/\/portalv1.com.br\/servidores-municipais-realizarao-ato-contra-municipalizacao-da-previdencia\/","title":{"rendered":"Servidores municipais realizar\u00e3o ato contra municipaliza\u00e7\u00e3o da previd\u00eancia"},"content":{"rendered":"<figure id=\"attachment_21673\" aria-describedby=\"caption-attachment-21673\" style=\"width: 300px\" class=\"wp-caption alignright\"><img loading=\"lazy\" decoding=\"async\" class=\"wp-image-21673 size-medium\" src=\"https:\/\/portalv1.com.br\/app\/wp-content\/uploads\/2015\/08\/valenca-300x225.jpg\" alt=\"Vista de Valen\u00e7a do Piaui\" width=\"300\" height=\"225\" srcset=\"https:\/\/portalv1.com.br\/app\/wp-content\/uploads\/2015\/08\/valenca-300x225.jpg 300w, https:\/\/portalv1.com.br\/app\/wp-content\/uploads\/2015\/08\/valenca.jpg 640w\" sizes=\"auto, (max-width: 300px) 100vw, 300px\" \/><figcaption id=\"caption-attachment-21673\" class=\"wp-caption-text\">Vista de Valen\u00e7a do Piaui<\/figcaption><\/figure>\n<p>Servidores municipais de Valen\u00e7a realizar\u00e3o nesta sexta-feira (04) na sess\u00e3o da c\u00e2mara de vereadores uma manifesta\u00e7\u00e3o contraria ao projeto que tenta municipalizar o regime de previd\u00eancia social dos servidores municipais. O projeto se encontra na c\u00e2mara e poder\u00e1 ser votado h\u00e1 qualquer momento.<\/p>\n<p>O objetivo da ida a c\u00e2mara \u00e9 para mostrar aos vereadores que os servidores s\u00e3o contr\u00e1rios a aprova\u00e7\u00e3o do projeto que segundo os mesmos s\u00f3 beneficiar\u00e1 a gest\u00e3o municipal<\/p>\n<p>Para a categoria a municipaliza\u00e7\u00e3o da previd\u00eancia social n\u00e3o tem outro beneficiado a n\u00e3o ser a prefeitura municipal que ir\u00e1 administrar todo o dinheiro que servir\u00e1 para a aposentadoria dos servidores municipais como explica o servidor Carlos Rosa.<\/p>\n<p>\u201cEst\u00e3o prometendo para os professores mais antigos uma aposentadoria vantajosa. S\u00f3 que por tr\u00e1s disse tudo o \u00fanico beneficiado e a administra\u00e7\u00e3o publica que n\u00e3o ter\u00e1 mais as suas contas bloqueadas quando n\u00e3o repassar os valores referentes a previd\u00eancia\u201d afirmou.<\/p>\n<p>Os servidores afirmaram que a manifesta\u00e7\u00e3o n\u00e3o \u00e9 contra a gest\u00e3o atual e sim para garantir que futuros gestores descompromissados possam se usufruir do dinheiro dos servidores, uma vez, que \u00e9 a prefeitura que ficar\u00e1 respons\u00e1vel pela gest\u00e3o financeira do fundo. O projeto n\u00e3o ser\u00e1 lido ou votado na sess\u00e3o de hoje mais os servidores j\u00e1 querem mostrar aos vereadores que a maioria \u00e9 contraria a aprova\u00e7\u00e3o do projeto.<\/p>\n","protected":false},"excerpt":{"rendered":"<p>Servidores municipais de Valen\u00e7a realizar\u00e3o nesta sexta-feira (04) na sess\u00e3o da c\u00e2mara de vereadores uma manifesta\u00e7\u00e3o contraria ao projeto que tenta municipalizar o regime de previd\u00eancia social dos servidores municipais&#8230;.<\/p>\n","protected":false},"author":1,"featured_media":0,"comment_status":"open","ping_status":"open","sticky":false,"template":"","format":"standard","meta":{"ngg_post_thumbnail":0,"footnotes":""},"categories":[12],"tags":[],"class_list":["post-21745","post","type-post","status-publish","format-standard","hentry","category-valenca-news"],"views":601,"meta_data":{"thumb":"https:\/\/portalv1.com.br\/app\/wp-content\/uploads\/2015\/08\/valenca.jpg","data":{"simple":"03\/09\/2015","date_time":"03\/09\/2015 21:35:50","date":"h\u00e1 11 anos"},"chapeu":"EM VALEN\u00c7A ","source":"retirar"},"_links":{"self":[{"href":"https:\/\/portalv1.com.br\/api\/wp\/v2\/posts\/21745","targetHints":{"allow":["GET"]}}],"collection":[{"href":"https:\/\/portalv1.com.br\/api\/wp\/v2\/posts"}],"about":[{"href":"https:\/\/portalv1.com.br\/api\/wp\/v2\/types\/post"}],"author":[{"embeddable":true,"href":"https:\/\/portalv1.com.br\/api\/wp\/v2\/users\/1"}],"replies":[{"embeddable":true,"href":"https:\/\/portalv1.com.br\/api\/wp\/v2\/comments?post=21745"}],"version-history":[{"count":0,"href":"https:\/\/portalv1.com.br\/api\/wp\/v2\/posts\/21745\/revisions"}],"wp:attachment":[{"href":"https:\/\/portalv1.com.br\/api\/wp\/v2\/media?parent=21745"}],"wp:term":[{"taxonomy":"category","embeddable":true,"href":"https:\/\/portalv1.com.br\/api\/wp\/v2\/categories?post=21745"},{"taxonomy":"post_tag","embeddable":true,"href":"https:\/\/portalv1.com.br\/api\/wp\/v2\/tags?post=21745"}],"curies":[{"name":"wp","href":"https:\/\/api.w.org\/{rel}","templated":true}]}}