{"id":21789,"date":"2015-09-10T16:29:49","date_gmt":"2015-09-10T19:29:49","guid":{"rendered":"https:\/\/portalv1.com.br\/?p=21789"},"modified":"2015-09-10T16:29:49","modified_gmt":"2015-09-10T19:29:49","slug":"tj-abre-inscricao-para-concurso-com-salario-de-rs-24-mil","status":"publish","type":"post","link":"https:\/\/portalv1.com.br\/tj-abre-inscricao-para-concurso-com-salario-de-rs-24-mil\/","title":{"rendered":"TJ abre inscri\u00e7\u00e3o para concurso com sal\u00e1rio de RS 24 mil"},"content":{"rendered":"<p>O Tribunal de Justi\u00e7a do Piau\u00ed (TJ\/PI) vai abrir inscri\u00e7\u00f5es no dia 15 de setembro para o concurso de juiz substituto. O prazo vai at\u00e9 19 de outubro. S\u00e3o 24 vagas para primeira entr\u00e2ncia, bem como \u00e0 forma\u00e7\u00e3o de cadastro de reserva para 48 vagas. O sal\u00e1rio \u00e9 de R$ 24.818,90.<\/p>\n<p>Das 24 vagas ofertadas, duas ser\u00e3o reservadas aos candidatos com defici\u00eancia e cinco s\u00e3o destinadas aos candidatos negros. O prazo de validade do concurso \u00e9 de dois anos, prorrog\u00e1vel, a crit\u00e9rio do Pleno do Tribunal de Justi\u00e7a, uma \u00fanica vez, por igual per\u00edodo, contado da data da publica\u00e7\u00e3o da homologa\u00e7\u00e3o do resultado final.<\/p>\n<p>Entre os requisitos para ingresso no cargo de juiz substituto, ser brasileiro nato ou naturalizado; ter menos de 65 anos na data da posse; ter conclu\u00eddo o curso de bacharelado em Direito, em escola p\u00fablica ou particular reconhecida pelo MEC e exercido atividade jur\u00eddica pelo per\u00edodo m\u00ednimo de 3 anos, contados a partir da obten\u00e7\u00e3o.\u00a0O valor da inscri\u00e7\u00e3o \u00e9 de R$ 248,18. A banca realizadora do concurso \u00e9 a Funda\u00e7\u00e3o Carlos Chagas.<a href=\"https:\/\/portalv1.com.br\/app\/wp-content\/uploads\/2015\/09\/CLIQUE-AQUI-E-VEJA-O-EDITAL.pdf\">CLIQUE AQUI E VEJA O EDITAL<\/a><\/p>\n","protected":false},"excerpt":{"rendered":"<p>O Tribunal de Justi\u00e7a do Piau\u00ed (TJ\/PI) vai abrir inscri\u00e7\u00f5es no dia 15 de setembro para o concurso de juiz substituto. O prazo vai at\u00e9 19 de outubro. S\u00e3o 24&#8230;<\/p>\n","protected":false},"author":1,"featured_media":14667,"comment_status":"open","ping_status":"open","sticky":false,"template":"","format":"standard","meta":{"ngg_post_thumbnail":0,"footnotes":""},"categories":[12],"tags":[],"class_list":["post-21789","post","type-post","status-publish","format-standard","has-post-thumbnail","hentry","category-valenca-news"],"views":248,"meta_data":{"thumb":"https:\/\/portalv1.com.br\/app\/wp-content\/uploads\/2013\/01\/concurso1.jpg","imagem":{"fullsize":{"url":"https:\/\/portalv1.com.br\/app\/wp-content\/uploads\/2013\/01\/concurso1.jpg","width":550,"height":489},"thumbnail":{"url":"https:\/\/portalv1.com.br\/app\/wp-content\/uploads\/2013\/01\/concurso1-100x100.jpg","width":100,"height":100},"medium":{"url":"https:\/\/portalv1.com.br\/app\/wp-content\/uploads\/2013\/01\/concurso1-300x266.jpg","width":300,"height":266}},"data":{"simple":"10\/09\/2015","date_time":"10\/09\/2015 13:29:49","date":"h\u00e1 11 anos"},"chapeu":"VEJA EDITAL ","source":"m_destacada"},"_links":{"self":[{"href":"https:\/\/portalv1.com.br\/api\/wp\/v2\/posts\/21789","targetHints":{"allow":["GET"]}}],"collection":[{"href":"https:\/\/portalv1.com.br\/api\/wp\/v2\/posts"}],"about":[{"href":"https:\/\/portalv1.com.br\/api\/wp\/v2\/types\/post"}],"author":[{"embeddable":true,"href":"https:\/\/portalv1.com.br\/api\/wp\/v2\/users\/1"}],"replies":[{"embeddable":true,"href":"https:\/\/portalv1.com.br\/api\/wp\/v2\/comments?post=21789"}],"version-history":[{"count":0,"href":"https:\/\/portalv1.com.br\/api\/wp\/v2\/posts\/21789\/revisions"}],"wp:featuredmedia":[{"embeddable":true,"href":"https:\/\/portalv1.com.br\/api\/wp\/v2\/media\/14667"}],"wp:attachment":[{"href":"https:\/\/portalv1.com.br\/api\/wp\/v2\/media?parent=21789"}],"wp:term":[{"taxonomy":"category","embeddable":true,"href":"https:\/\/portalv1.com.br\/api\/wp\/v2\/categories?post=21789"},{"taxonomy":"post_tag","embeddable":true,"href":"https:\/\/portalv1.com.br\/api\/wp\/v2\/tags?post=21789"}],"curies":[{"name":"wp","href":"https:\/\/api.w.org\/{rel}","templated":true}]}}