{"id":21792,"date":"2015-09-11T12:32:18","date_gmt":"2015-09-11T15:32:18","guid":{"rendered":"https:\/\/portalv1.com.br\/?p=21792"},"modified":"2015-09-14T00:05:17","modified_gmt":"2015-09-14T03:05:17","slug":"comissao-provisoria-do-pr-e-empossada-em-valenca-veja-fotos","status":"publish","type":"post","link":"https:\/\/portalv1.com.br\/comissao-provisoria-do-pr-e-empossada-em-valenca-veja-fotos\/","title":{"rendered":"Comiss\u00e3o Provis\u00f3ria do PR \u00e9 empossada em Valen\u00e7a. Veja fotos"},"content":{"rendered":"<figure id=\"attachment_21793\" aria-describedby=\"caption-attachment-21793\" style=\"width: 300px\" class=\"wp-caption alignright\"><img loading=\"lazy\" decoding=\"async\" class=\"size-medium wp-image-21793\" src=\"https:\/\/portalv1.com.br\/app\/wp-content\/uploads\/2015\/09\/105_1608-300x225.jpg\" alt=\"Partido da Republica \" width=\"300\" height=\"225\" srcset=\"https:\/\/portalv1.com.br\/app\/wp-content\/uploads\/2015\/09\/105_1608-300x225.jpg 300w, https:\/\/portalv1.com.br\/app\/wp-content\/uploads\/2015\/09\/105_1608.jpg 640w\" sizes=\"auto, (max-width: 300px) 100vw, 300px\" \/><figcaption id=\"caption-attachment-21793\" class=\"wp-caption-text\">Partido da Republica<\/figcaption><\/figure>\n<p>O deputado estadual e presidente do PR no Piau\u00ed, Fabio Xavier esteve em Valen\u00e7a nesta quarta-feira (10) dando posse a nova comiss\u00e3o do PR no munic\u00edpio. Em Valen\u00e7a o partido ser\u00e1 presidido pelo funcion\u00e1rio publico municipal Jos\u00e9 Gomes. O novo presidente iniciou suas palavras agradecendo o convite da dire\u00e7\u00e3o estadual e afirmou que o PR em Valen\u00e7a j\u00e1 come\u00e7a fortalecido com o apoio de setores da sociedade, que veem no PR uma oportunidade para incluir novos nomes na politica local.<\/p>\n<p>Para Jos\u00e9 Gomes, o trabalho a partir de agora \u00e9 de fortalecimento da sigla no munic\u00edpio com a inclus\u00e3o de novas lideran\u00e7as que at\u00e9 ent\u00e3o se sentiam exclu\u00edda do processo eleitoral.<\/p>\n<p>Os amigos Jose Gabriel e Nelson Lima filiados ao PCdoB, al\u00e9m de parabenizarem a nova diretoria do PR afirmaram em suas falas que est\u00e3o dispostos a defender as cores do PR com essa nova configura\u00e7\u00e3o.<\/p>\n<p>O deputado Fabio Xavier enalteceu a cria\u00e7\u00e3o do PR em Valen\u00e7a e afirmou que o diret\u00f3rio ter\u00e1 o apoio necess\u00e1rio para o seu fortalecimento. Citou o crescimento do partido no estado que hoje conta com ele na Assembleia Legislativa e com o deputado federal Silas Freira na C\u00e2mara Federal. Tomaram posse na oportunidade Claudiana como vice-presidente e Magally como secret\u00e1ria de comunica\u00e7\u00e3o.<\/p>\n<p><div class=\"ngg-galleryoverview\" data-widget=\"Galeria\" data-props='{&quot;galeria&quot;:{&quot;gallery_id&quot;:1929,&quot;total&quot;:12,&quot;max_page&quot;:1,&quot;page&quot;:1,&quot;images&quot;:[{&quot;pid&quot;:40679,&quot;imageURL&quot;:&quot;https:\\\/\\\/portalv1.com.br\\\/app\\\/wp-content\\\/gallery\\\/pr\\\/105_1583.jpg?t=1728953513&quot;,&quot;thumbnailURL&quot;:&quot;https:\\\/\\\/portalv1.com.br\\\/app\\\/wp-content\\\/gallery\\\/pr\\\/thumbs\\\/thumbs_105_1583.jpg?t=1728953513&quot;,&quot;description&quot;:&quot; &quot;,&quot;alttext&quot;:&quot;KODAK Digital Still Camera&quot;,&quot;style&quot;:&quot;&quot;},{&quot;pid&quot;:40680,&quot;imageURL&quot;:&quot;https:\\\/\\\/portalv1.com.br\\\/app\\\/wp-content\\\/gallery\\\/pr\\\/105_1584.jpg?t=1728978832&quot;,&quot;thumbnailURL&quot;:&quot;https:\\\/\\\/portalv1.com.br\\\/app\\\/wp-content\\\/gallery\\\/pr\\\/thumbs\\\/thumbs_105_1584.jpg?t=1728978832&quot;,&quot;description&quot;:&quot; &quot;,&quot;alttext&quot;:&quot;KODAK Digital Still Camera&quot;,&quot;style&quot;:&quot;&quot;},{&quot;pid&quot;:40681,&quot;imageURL&quot;:&quot;https:\\\/\\\/portalv1.com.br\\\/app\\\/wp-content\\\/gallery\\\/pr\\\/105_1587.jpg?t=1728962785&quot;,&quot;thumbnailURL&quot;:&quot;https:\\\/\\\/portalv1.com.br\\\/app\\\/wp-content\\\/gallery\\\/pr\\\/thumbs\\\/thumbs_105_1587.jpg?t=1728962785&quot;,&quot;description&quot;:&quot; &quot;,&quot;alttext&quot;:&quot;KODAK Digital Still Camera&quot;,&quot;style&quot;:&quot;&quot;},{&quot;pid&quot;:40682,&quot;imageURL&quot;:&quot;https:\\\/\\\/portalv1.com.br\\\/app\\\/wp-content\\\/gallery\\\/pr\\\/105_1591.jpg?t=1728978818&quot;,&quot;thumbnailURL&quot;:&quot;https:\\\/\\\/portalv1.com.br\\\/app\\\/wp-content\\\/gallery\\\/pr\\\/thumbs\\\/thumbs_105_1591.jpg?t=1728978818&quot;,&quot;description&quot;:&quot; &quot;,&quot;alttext&quot;:&quot;KODAK Digital Still Camera&quot;,&quot;style&quot;:&quot;&quot;},{&quot;pid&quot;:40683,&quot;imageURL&quot;:&quot;https:\\\/\\\/portalv1.com.br\\\/app\\\/wp-content\\\/gallery\\\/pr\\\/105_1594.jpg?t=1729239894&quot;,&quot;thumbnailURL&quot;:&quot;https:\\\/\\\/portalv1.com.br\\\/app\\\/wp-content\\\/gallery\\\/pr\\\/thumbs\\\/thumbs_105_1594.jpg?t=1729239894&quot;,&quot;description&quot;:&quot; &quot;,&quot;alttext&quot;:&quot;KODAK Digital Still Camera&quot;,&quot;style&quot;:&quot;&quot;},{&quot;pid&quot;:40684,&quot;imageURL&quot;:&quot;https:\\\/\\\/portalv1.com.br\\\/app\\\/wp-content\\\/gallery\\\/pr\\\/105_1606.jpg?t=1728954340&quot;,&quot;thumbnailURL&quot;:&quot;https:\\\/\\\/portalv1.com.br\\\/app\\\/wp-content\\\/gallery\\\/pr\\\/thumbs\\\/thumbs_105_1606.jpg?t=1728954340&quot;,&quot;description&quot;:&quot; &quot;,&quot;alttext&quot;:&quot;KODAK Digital Still Camera&quot;,&quot;style&quot;:&quot;&quot;},{&quot;pid&quot;:40685,&quot;imageURL&quot;:&quot;https:\\\/\\\/portalv1.com.br\\\/app\\\/wp-content\\\/gallery\\\/pr\\\/105_1608.jpg?t=1728955918&quot;,&quot;thumbnailURL&quot;:&quot;https:\\\/\\\/portalv1.com.br\\\/app\\\/wp-content\\\/gallery\\\/pr\\\/thumbs\\\/thumbs_105_1608.jpg?t=1728955918&quot;,&quot;description&quot;:&quot; &quot;,&quot;alttext&quot;:&quot;KODAK Digital Still Camera&quot;,&quot;style&quot;:&quot;&quot;},{&quot;pid&quot;:40686,&quot;imageURL&quot;:&quot;https:\\\/\\\/portalv1.com.br\\\/app\\\/wp-content\\\/gallery\\\/pr\\\/105_1609.jpg?t=1728962714&quot;,&quot;thumbnailURL&quot;:&quot;https:\\\/\\\/portalv1.com.br\\\/app\\\/wp-content\\\/gallery\\\/pr\\\/thumbs\\\/thumbs_105_1609.jpg?t=1728962714&quot;,&quot;description&quot;:&quot; &quot;,&quot;alttext&quot;:&quot;KODAK Digital Still Camera&quot;,&quot;style&quot;:&quot;&quot;},{&quot;pid&quot;:40687,&quot;imageURL&quot;:&quot;https:\\\/\\\/portalv1.com.br\\\/app\\\/wp-content\\\/gallery\\\/pr\\\/105_1610.jpg?t=1728979214&quot;,&quot;thumbnailURL&quot;:&quot;https:\\\/\\\/portalv1.com.br\\\/app\\\/wp-content\\\/gallery\\\/pr\\\/thumbs\\\/thumbs_105_1610.jpg?t=1728979214&quot;,&quot;description&quot;:&quot; &quot;,&quot;alttext&quot;:&quot;KODAK Digital Still Camera&quot;,&quot;style&quot;:&quot;&quot;},{&quot;pid&quot;:40688,&quot;imageURL&quot;:&quot;https:\\\/\\\/portalv1.com.br\\\/app\\\/wp-content\\\/gallery\\\/pr\\\/105_1611.jpg?t=1728978934&quot;,&quot;thumbnailURL&quot;:&quot;https:\\\/\\\/portalv1.com.br\\\/app\\\/wp-content\\\/gallery\\\/pr\\\/thumbs\\\/thumbs_105_1611.jpg?t=1728978934&quot;,&quot;description&quot;:&quot; &quot;,&quot;alttext&quot;:&quot;KODAK Digital Still Camera&quot;,&quot;style&quot;:&quot;&quot;},{&quot;pid&quot;:40689,&quot;imageURL&quot;:&quot;https:\\\/\\\/portalv1.com.br\\\/app\\\/wp-content\\\/gallery\\\/pr\\\/105_1612.jpg?t=1728961125&quot;,&quot;thumbnailURL&quot;:&quot;https:\\\/\\\/portalv1.com.br\\\/app\\\/wp-content\\\/gallery\\\/pr\\\/thumbs\\\/thumbs_105_1612.jpg?t=1728961125&quot;,&quot;description&quot;:&quot; &quot;,&quot;alttext&quot;:&quot;KODAK Digital Still Camera&quot;,&quot;style&quot;:&quot;&quot;},{&quot;pid&quot;:40690,&quot;imageURL&quot;:&quot;https:\\\/\\\/portalv1.com.br\\\/app\\\/wp-content\\\/gallery\\\/pr\\\/105_1613.jpg?t=1728979067&quot;,&quot;thumbnailURL&quot;:&quot;https:\\\/\\\/portalv1.com.br\\\/app\\\/wp-content\\\/gallery\\\/pr\\\/thumbs\\\/thumbs_105_1613.jpg?t=1728979067&quot;,&quot;description&quot;:&quot; &quot;,&quot;alttext&quot;:&quot;KODAK Digital Still Camera&quot;,&quot;style&quot;:&quot;&quot;}]}}'><\/div>.<\/p>\n","protected":false},"excerpt":{"rendered":"<p>O deputado estadual e presidente do PR no Piau\u00ed, Fabio Xavier esteve em Valen\u00e7a nesta quarta-feira (10) dando posse a nova comiss\u00e3o do PR no munic\u00edpio. Em Valen\u00e7a o partido&#8230;<\/p>\n","protected":false},"author":1,"featured_media":0,"comment_status":"open","ping_status":"open","sticky":false,"template":"","format":"standard","meta":{"ngg_post_thumbnail":0,"footnotes":""},"categories":[12],"tags":[],"class_list":["post-21792","post","type-post","status-publish","format-standard","hentry","category-valenca-news"],"views":686,"meta_data":{"thumb":"https:\/\/portalv1.com.br\/app\/wp-content\/uploads\/2015\/09\/105_1608.jpg","data":{"simple":"11\/09\/2015","date_time":"11\/09\/2015 09:32:18","date":"h\u00e1 11 anos"},"chapeu":"Partido da Republica","source":"foto_menor"},"_links":{"self":[{"href":"https:\/\/portalv1.com.br\/api\/wp\/v2\/posts\/21792","targetHints":{"allow":["GET"]}}],"collection":[{"href":"https:\/\/portalv1.com.br\/api\/wp\/v2\/posts"}],"about":[{"href":"https:\/\/portalv1.com.br\/api\/wp\/v2\/types\/post"}],"author":[{"embeddable":true,"href":"https:\/\/portalv1.com.br\/api\/wp\/v2\/users\/1"}],"replies":[{"embeddable":true,"href":"https:\/\/portalv1.com.br\/api\/wp\/v2\/comments?post=21792"}],"version-history":[{"count":0,"href":"https:\/\/portalv1.com.br\/api\/wp\/v2\/posts\/21792\/revisions"}],"wp:attachment":[{"href":"https:\/\/portalv1.com.br\/api\/wp\/v2\/media?parent=21792"}],"wp:term":[{"taxonomy":"category","embeddable":true,"href":"https:\/\/portalv1.com.br\/api\/wp\/v2\/categories?post=21792"},{"taxonomy":"post_tag","embeddable":true,"href":"https:\/\/portalv1.com.br\/api\/wp\/v2\/tags?post=21792"}],"curies":[{"name":"wp","href":"https:\/\/api.w.org\/{rel}","templated":true}]}}