{"id":217997,"date":"2024-09-10T12:47:10","date_gmt":"2024-09-10T15:47:10","guid":{"rendered":"https:\/\/portalv1.com.br\/?p=217997"},"modified":"2024-09-10T12:47:39","modified_gmt":"2024-09-10T15:47:39","slug":"acusado-de-matar-a-ex-mulher-na-inhuma-e-preso-roraima","status":"publish","type":"post","link":"https:\/\/portalv1.com.br\/acusado-de-matar-a-ex-mulher-na-inhuma-e-preso-roraima\/","title":{"rendered":"Acusado de matar a ex-mulher na Inhuma \u00e9 preso em Roraima"},"content":{"rendered":"<p>Um homem identificado apenas pelas iniciais L. A. de S. foi preso na segunda-feira (9), em Cant\u00e1, no Norte de Roraima. Ele \u00e9 acusado de ter matado Elizangela Zelia Sousa Silva, de 29 anos, sua ex-mulher, com 15 golpes de faca, em via p\u00fablica, no munic\u00edpio de Inhuma, 244 km ao Sul de Teresina, em 5 de fevereiro de 2008.<\/p>\n<p>A pris\u00e3o dele aconteceu no \u00e2mbito da Opera\u00e7\u00e3o Lembrados, da Pol\u00edcia Civil do Piau\u00ed (PCPI), que atua na localiza\u00e7\u00e3o de criminosos foragidos para lev\u00e1-los \u00e0 justi\u00e7a. Segundo a pol\u00edcia, a procura deste acusado iniciou ap\u00f3s o Minist\u00e9rio P\u00fablico do Piau\u00ed (MPPI) ter acionado a PCPI.<\/p>\n<p>\u201cDesde o crime, o foragido estava em local incerto e ignorado. Em agosto deste ano, o promotor de justi\u00e7a Jess\u00e9 Mineiro de Abreu solicitou apoio \u00e0 Diretoria de Intelig\u00eancia para localizar o criminoso\u201d, informou o delegado Yan Brayner, diretor de Intelig\u00eancia da PCPI.<\/p>\n<p>Ao g1, o promotor informou que teve conhecimento do processo envolvendo o acusado em janeiro a passou a tentar localiz\u00e1-lo, para dar andamento ao processo. \u201cLocalizei um poss\u00edvel rastro dele no interior de S\u00e3o Paulo e oficiei a Pol\u00edcia Civil\u201d, disse.<\/p>\n<p>Foram realizas dilig\u00eancias em duas cidades do estado de S\u00e3o Paulo, onde foi descoberto que o acusado trabalhava no corte de cana, mas ele deixou o local sem motivo aparente.<\/p>\n<p>\u201cInfelizmente ele n\u00e3o tinha sido localizado. H\u00e1 umas duas ou tr\u00eas semanas entrei em contato com o delegado Yan Brayner. Ele a equipe conseguiram, a partir da informa\u00e7\u00e3o que passei, localizar e capturar o foragido em Roraima com outra identidade\u201d, explicou Jess\u00e9 Mineiro.<\/p>\n<p>A identidade do acusado foi confirmada pelo Instituto de Biometria Forense, que realizou um confronto pericial das impress\u00f5es digitais. A pris\u00e3o dele ocorreu em cumprimento a um mandado de pris\u00e3o preventiva que estava em aberto.<\/p>\n<p>\u201cAgora o processo vai seguir seu curso. Vai ser feita a instru\u00e7\u00e3o, na qual as testemunhas ser\u00e3o ouvidas. Nessa primeira fase, ao final, a gente espera a pron\u00fancia, uma decis\u00e3o em que o juiz diz que o r\u00e9u est\u00e1 apto a ser julgado pelo Tribunal do J\u00fari\u201d, informou o promotor.<\/p>\n<p><a href=\"https:\/\/portalv1.com.br\/app\/wp-content\/uploads\/2024\/09\/policia.jpg\"><img loading=\"lazy\" decoding=\"async\" class=\"aligncenter size-full wp-image-217998\" src=\"https:\/\/portalv1.com.br\/app\/wp-content\/uploads\/2024\/09\/policia.jpg\" alt=\"\" width=\"1000\" height=\"1004\" srcset=\"https:\/\/portalv1.com.br\/app\/wp-content\/uploads\/2024\/09\/policia.jpg 1000w, https:\/\/portalv1.com.br\/app\/wp-content\/uploads\/2024\/09\/policia-300x301.jpg 300w, https:\/\/portalv1.com.br\/app\/wp-content\/uploads\/2024\/09\/policia-640x643.jpg 640w, https:\/\/portalv1.com.br\/app\/wp-content\/uploads\/2024\/09\/policia-100x100.jpg 100w, https:\/\/portalv1.com.br\/app\/wp-content\/uploads\/2024\/09\/policia-768x771.jpg 768w\" sizes=\"auto, (max-width: 1000px) 100vw, 1000px\" \/><\/a><\/p>\n<p>Fonte: G1 Piau\u00ed<\/p>\n","protected":false},"excerpt":{"rendered":"<p>Um homem identificado apenas pelas iniciais L. A. de S. foi preso na segunda-feira (9), em Cant\u00e1, no Norte de Roraima. Ele \u00e9 acusado de ter matado Elizangela Zelia Sousa&#8230;<\/p>\n","protected":false},"author":1,"featured_media":217998,"comment_status":"open","ping_status":"open","sticky":false,"template":"","format":"standard","meta":{"ngg_post_thumbnail":0,"footnotes":""},"categories":[243],"tags":[],"class_list":["post-217997","post","type-post","status-publish","format-standard","has-post-thumbnail","hentry","category-geral"],"views":485,"meta_data":{"thumb":"https:\/\/portalv1.com.br\/app\/wp-content\/uploads\/2024\/09\/policia.jpg","imagem":{"fullsize":{"url":"https:\/\/portalv1.com.br\/app\/wp-content\/uploads\/2024\/09\/policia.jpg","width":1000,"height":1004},"medium":{"url":"https:\/\/portalv1.com.br\/app\/wp-content\/uploads\/2024\/09\/policia-300x301.jpg","width":300,"height":301},"large":{"url":"https:\/\/portalv1.com.br\/app\/wp-content\/uploads\/2024\/09\/policia-640x643.jpg","width":640,"height":643},"thumbnail":{"url":"https:\/\/portalv1.com.br\/app\/wp-content\/uploads\/2024\/09\/policia-100x100.jpg","width":100,"height":100},"medium_large":{"url":"https:\/\/portalv1.com.br\/app\/wp-content\/uploads\/2024\/09\/policia-768x771.jpg","width":768,"height":771}},"data":{"simple":"10\/09\/2024","date_time":"10\/09\/2024 09:47:10","date":"h\u00e1 2 anos"},"chapeu":"Saiba mais","source":"m_destacada"},"_links":{"self":[{"href":"https:\/\/portalv1.com.br\/api\/wp\/v2\/posts\/217997","targetHints":{"allow":["GET"]}}],"collection":[{"href":"https:\/\/portalv1.com.br\/api\/wp\/v2\/posts"}],"about":[{"href":"https:\/\/portalv1.com.br\/api\/wp\/v2\/types\/post"}],"author":[{"embeddable":true,"href":"https:\/\/portalv1.com.br\/api\/wp\/v2\/users\/1"}],"replies":[{"embeddable":true,"href":"https:\/\/portalv1.com.br\/api\/wp\/v2\/comments?post=217997"}],"version-history":[{"count":0,"href":"https:\/\/portalv1.com.br\/api\/wp\/v2\/posts\/217997\/revisions"}],"wp:featuredmedia":[{"embeddable":true,"href":"https:\/\/portalv1.com.br\/api\/wp\/v2\/media\/217998"}],"wp:attachment":[{"href":"https:\/\/portalv1.com.br\/api\/wp\/v2\/media?parent=217997"}],"wp:term":[{"taxonomy":"category","embeddable":true,"href":"https:\/\/portalv1.com.br\/api\/wp\/v2\/categories?post=217997"},{"taxonomy":"post_tag","embeddable":true,"href":"https:\/\/portalv1.com.br\/api\/wp\/v2\/tags?post=217997"}],"curies":[{"name":"wp","href":"https:\/\/api.w.org\/{rel}","templated":true}]}}