{"id":21805,"date":"2015-09-14T00:03:33","date_gmt":"2015-09-14T03:03:33","guid":{"rendered":"https:\/\/portalv1.com.br\/?p=21805"},"modified":"2015-09-18T09:30:59","modified_gmt":"2015-09-18T12:30:59","slug":"cadastramento-biometrico-ja-comecou-em-valenca-do-piaui","status":"publish","type":"post","link":"https:\/\/portalv1.com.br\/cadastramento-biometrico-ja-comecou-em-valenca-do-piaui\/","title":{"rendered":"Cadastramento biom\u00e9trico j\u00e1 come\u00e7ou em Valen\u00e7a do Piau\u00ed"},"content":{"rendered":"<figure id=\"attachment_12732\" aria-describedby=\"caption-attachment-12732\" style=\"width: 300px\" class=\"wp-caption alignright\"><img loading=\"lazy\" decoding=\"async\" class=\"size-full wp-image-12732\" src=\"https:\/\/portalv1.com.br\/app\/wp-content\/uploads\/2012\/03\/cartorioeleitoral.jpg\" alt=\"Sede do Cart\u00f3rio Eleitoral \" width=\"300\" height=\"225\" \/><figcaption id=\"caption-attachment-12732\" class=\"wp-caption-text\">Sede do Cart\u00f3rio Eleitoral<\/figcaption><\/figure>\n<p>Eleitores de Valen\u00e7a, Novo Oriente e Lagoa do Sitio precisam ficar atentos para o recadastramento biom\u00e9trico que j\u00e1 acontecendo na 18\u00aa Zona Eleitoral. De acordo com o calend\u00e1rio eleitoral, o cadastramento biom\u00e9trico na 18\u00aa Zona Eleitoral come\u00e7ar\u00e1 oficialmente a partir do dia 03 de novembro, num entanto, o cart\u00f3rio eleitoral j\u00e1 vem realizando o trabalho h\u00e1 alguns meses.<\/p>\n<p>Diariamente s\u00e3o feitos de 45 a 50 cadastro e esse numero poderia ser superior se as tr\u00eas prefeituras da zona eleitoral atendesse logo o pedido do TRE-PI que solicitou a disposi\u00e7\u00e3o de 10 pessoas (rateadas entre as prefeituras) para trabalharem no cadastramento desses eleitores.<\/p>\n<p>Com os 10 kits funcionando, o cadastramento dos cerca de 26 mil eleitores seria mais r\u00e1pido evitando os atropelos de ultima hora. O Cart\u00f3rio Eleitoral informou que de 21 de setembro a 30 de outubro s\u00f3 ser\u00e3o realizados 30 atendimentos di\u00e1rio devido exatamente \u00e0 falta de pessoal. Para se cadastrar o eleitor precisar levar ao Cart\u00f3rio Eleitoral a Identidade, CPF e Comprovante de endere\u00e7o.<\/p>\n<p>\u00c9 importante lembrar que recadastramento \u00e9 obrigat\u00f3rio para todos os eleitores, inclusive para aqueles que t\u00eam o voto facultado: os analfabetos, os eleitores entre 16 e 18 anos e os eleitores com mais de 70 anos que possuem t\u00edtulo de eleitor. Estes tamb\u00e9m ser\u00e3o cancelados caso n\u00e3o compare\u00e7am ao Cart\u00f3rio Eleitoral que em Valen\u00e7a funciona na Rua Cicero Portela.<\/p>\n<p>&nbsp;<\/p>\n","protected":false},"excerpt":{"rendered":"<p>Eleitores de Valen\u00e7a, Novo Oriente e Lagoa do Sitio precisam ficar atentos para o recadastramento biom\u00e9trico que j\u00e1 acontecendo na 18\u00aa Zona Eleitoral. De acordo com o calend\u00e1rio eleitoral, o&#8230;<\/p>\n","protected":false},"author":1,"featured_media":0,"comment_status":"open","ping_status":"open","sticky":false,"template":"","format":"standard","meta":{"ngg_post_thumbnail":0,"footnotes":""},"categories":[12],"tags":[],"class_list":["post-21805","post","type-post","status-publish","format-standard","hentry","category-valenca-news"],"views":924,"meta_data":{"thumb":"https:\/\/portalv1.com.br\/app\/wp-content\/uploads\/2012\/03\/cartorioeleitoral.jpg","data":{"simple":"13\/09\/2015","date_time":"13\/09\/2015 21:03:33","date":"h\u00e1 11 anos"},"chapeu":"Documentos necess\u00e1rios ","source":"retirar"},"_links":{"self":[{"href":"https:\/\/portalv1.com.br\/api\/wp\/v2\/posts\/21805","targetHints":{"allow":["GET"]}}],"collection":[{"href":"https:\/\/portalv1.com.br\/api\/wp\/v2\/posts"}],"about":[{"href":"https:\/\/portalv1.com.br\/api\/wp\/v2\/types\/post"}],"author":[{"embeddable":true,"href":"https:\/\/portalv1.com.br\/api\/wp\/v2\/users\/1"}],"replies":[{"embeddable":true,"href":"https:\/\/portalv1.com.br\/api\/wp\/v2\/comments?post=21805"}],"version-history":[{"count":0,"href":"https:\/\/portalv1.com.br\/api\/wp\/v2\/posts\/21805\/revisions"}],"wp:attachment":[{"href":"https:\/\/portalv1.com.br\/api\/wp\/v2\/media?parent=21805"}],"wp:term":[{"taxonomy":"category","embeddable":true,"href":"https:\/\/portalv1.com.br\/api\/wp\/v2\/categories?post=21805"},{"taxonomy":"post_tag","embeddable":true,"href":"https:\/\/portalv1.com.br\/api\/wp\/v2\/tags?post=21805"}],"curies":[{"name":"wp","href":"https:\/\/api.w.org\/{rel}","templated":true}]}}