{"id":218055,"date":"2024-09-12T10:05:58","date_gmt":"2024-09-12T13:05:58","guid":{"rendered":"https:\/\/portalv1.com.br\/?p=218055"},"modified":"2024-09-12T10:05:58","modified_gmt":"2024-09-12T13:05:58","slug":"vice-prefeito-de-aroazes-adalberto-anuncia-desistencia-da-campanha","status":"publish","type":"post","link":"https:\/\/portalv1.com.br\/vice-prefeito-de-aroazes-adalberto-anuncia-desistencia-da-campanha\/","title":{"rendered":"Vice-prefeito de Aroazes, Adalberto anuncia desist\u00eancia da campanha"},"content":{"rendered":"<p>O vice-prefeito de Aroazes e candidato \u00e0 reelei\u00e7\u00e3o, Jos\u00e9 Adalberto de Sousa, anunciou nesta quarta-feira (11) sua desist\u00eancia da candidatura. A declara\u00e7\u00e3o foi feita por meio de um v\u00eddeo publicado nas redes sociais, onde o pol\u00edtico detalhou os motivos que o levaram a essa decis\u00e3o.<\/p>\n<p>\u201cEm 2021, meu nome foi injustamente inclu\u00eddo em um processo junto com outras pessoas da oposi\u00e7\u00e3o que n\u00e3o quero relatar o nome deles aqui. Este ano, o Minist\u00e9rio P\u00fablico fez um acordo de n\u00e3o persecu\u00e7\u00e3o c\u00edvel. Esse acordo foi enviado ao Tribunal de Justi\u00e7a e estamos aguardando a homologa\u00e7\u00e3o. Tenho certeza de que a qualquer momento ser\u00e1 homologado&#8221;, explicou Adalberto, que tamb\u00e9m falou sobre a escolha de seu sucessor.<a href=\"https:\/\/portalv1.com.br\/app\/wp-content\/uploads\/2024\/09\/adalberto.jpg\"><img loading=\"lazy\" decoding=\"async\" class=\"aligncenter size-full wp-image-218056\" src=\"https:\/\/portalv1.com.br\/app\/wp-content\/uploads\/2024\/09\/adalberto.jpg\" alt=\"\" width=\"1600\" height=\"1200\" srcset=\"https:\/\/portalv1.com.br\/app\/wp-content\/uploads\/2024\/09\/adalberto.jpg 1600w, https:\/\/portalv1.com.br\/app\/wp-content\/uploads\/2024\/09\/adalberto-300x225.jpg 300w, https:\/\/portalv1.com.br\/app\/wp-content\/uploads\/2024\/09\/adalberto-640x480.jpg 640w, https:\/\/portalv1.com.br\/app\/wp-content\/uploads\/2024\/09\/adalberto-768x576.jpg 768w, https:\/\/portalv1.com.br\/app\/wp-content\/uploads\/2024\/09\/adalberto-1536x1152.jpg 1536w\" sizes=\"auto, (max-width: 1600px) 100vw, 1600px\" \/><\/a><\/p>\n<p>\u201cO grupo vai se reunir para tomar uma decis\u00e3o sobre quem ser\u00e1 meu substituto. Tenho certeza de que ser\u00e1 uma pessoa que dar\u00e1 continuidade ao trabalho, juntamente com Manoel Neto, nosso grupo e nossos vereadores, algu\u00e9m que ir\u00e1 trabalhar pelo progresso de Aroazes\u201d, declarou o vice-prefeito, que concluiu expressando confian\u00e7a na vit\u00f3ria.<\/p>\n<p>\u201cTenho certeza de que esse grupo ser\u00e1 vitorioso no dia 6 de outubro, e o que eu puder fazer para ajudar, estarei pronto para servir o povo da minha querida Aroazes\u201d, afirmou Adalberto.<\/p>\n<p>O Portal V1 apurou que a Estudante de Ci\u00eancias Cont\u00e1beis, Maria Clara filha do vice-prefeito deve ser registrada nesta quinta-feira (12) como a companheira do prefeito Manoel Neto para a disputa de 6 de outubro. <a href=\"https:\/\/portalv1.com.br\/app\/wp-content\/uploads\/2024\/09\/WhatsApp-Image-2024-09-12-at-08.33.35.jpeg\"><img loading=\"lazy\" decoding=\"async\" class=\"aligncenter size-full wp-image-218057\" src=\"https:\/\/portalv1.com.br\/app\/wp-content\/uploads\/2024\/09\/WhatsApp-Image-2024-09-12-at-08.33.35.jpeg\" alt=\"\" width=\"1004\" height=\"1600\" srcset=\"https:\/\/portalv1.com.br\/app\/wp-content\/uploads\/2024\/09\/WhatsApp-Image-2024-09-12-at-08.33.35.jpeg 1004w, https:\/\/portalv1.com.br\/app\/wp-content\/uploads\/2024\/09\/WhatsApp-Image-2024-09-12-at-08.33.35-300x478.jpeg 300w, https:\/\/portalv1.com.br\/app\/wp-content\/uploads\/2024\/09\/WhatsApp-Image-2024-09-12-at-08.33.35-640x1020.jpeg 640w, https:\/\/portalv1.com.br\/app\/wp-content\/uploads\/2024\/09\/WhatsApp-Image-2024-09-12-at-08.33.35-768x1224.jpeg 768w, https:\/\/portalv1.com.br\/app\/wp-content\/uploads\/2024\/09\/WhatsApp-Image-2024-09-12-at-08.33.35-964x1536.jpeg 964w\" sizes=\"auto, (max-width: 1004px) 100vw, 1004px\" \/><\/a><\/p>\n<p><div class=\"content-iframe\" data-content-width=\"600\"><iframe loading=\"lazy\" style=\"border: none; overflow: hidden;\" src=\"https:\/\/www.facebook.com\/plugins\/video.php?height=316&amp;href=https%3A%2F%2Fwww.facebook.com%2FSergioAlvesValenca%2Fvideos%2F533209822440655%2F&amp;show_text=false&amp;width=560&amp;t=0\" width=\"560\" height=\"316\" frameborder=\"0\" scrolling=\"no\" allowfullscreen=\"allowfullscreen\"><\/iframe><\/div>&nbsp;<\/p>\n<p>&nbsp;<\/p>\n<p>&nbsp;<\/p>\n","protected":false},"excerpt":{"rendered":"<p>O vice-prefeito de Aroazes e candidato \u00e0 reelei\u00e7\u00e3o, Jos\u00e9 Adalberto de Sousa, anunciou nesta quarta-feira (11) sua desist\u00eancia da candidatura. A declara\u00e7\u00e3o foi feita por meio de um v\u00eddeo publicado&#8230;<\/p>\n","protected":false},"author":1,"featured_media":218056,"comment_status":"open","ping_status":"open","sticky":false,"template":"","format":"standard","meta":{"ngg_post_thumbnail":0,"footnotes":""},"categories":[243],"tags":[],"class_list":["post-218055","post","type-post","status-publish","format-standard","has-post-thumbnail","hentry","category-geral"],"views":912,"meta_data":{"thumb":"https:\/\/portalv1.com.br\/app\/wp-content\/uploads\/2024\/09\/adalberto.jpg","imagem":{"fullsize":{"url":"https:\/\/portalv1.com.br\/app\/wp-content\/uploads\/2024\/09\/adalberto.jpg","width":1600,"height":1200},"medium":{"url":"https:\/\/portalv1.com.br\/app\/wp-content\/uploads\/2024\/09\/adalberto-300x225.jpg","width":300,"height":225},"large":{"url":"https:\/\/portalv1.com.br\/app\/wp-content\/uploads\/2024\/09\/adalberto-640x480.jpg","width":640,"height":480},"thumbnail":{"url":"https:\/\/portalv1.com.br\/app\/wp-content\/uploads\/2024\/09\/adalberto-100x100.jpg","width":100,"height":100},"medium_large":{"url":"https:\/\/portalv1.com.br\/app\/wp-content\/uploads\/2024\/09\/adalberto-768x576.jpg","width":768,"height":576},"1536x1536":{"url":"https:\/\/portalv1.com.br\/app\/wp-content\/uploads\/2024\/09\/adalberto-1536x1152.jpg","width":1536,"height":1152}},"data":{"simple":"12\/09\/2024","date_time":"12\/09\/2024 07:05:58","date":"h\u00e1 2 anos"},"chapeu":"Elie\u00e7\u00f5es 2024","source":"slide"},"_links":{"self":[{"href":"https:\/\/portalv1.com.br\/api\/wp\/v2\/posts\/218055","targetHints":{"allow":["GET"]}}],"collection":[{"href":"https:\/\/portalv1.com.br\/api\/wp\/v2\/posts"}],"about":[{"href":"https:\/\/portalv1.com.br\/api\/wp\/v2\/types\/post"}],"author":[{"embeddable":true,"href":"https:\/\/portalv1.com.br\/api\/wp\/v2\/users\/1"}],"replies":[{"embeddable":true,"href":"https:\/\/portalv1.com.br\/api\/wp\/v2\/comments?post=218055"}],"version-history":[{"count":0,"href":"https:\/\/portalv1.com.br\/api\/wp\/v2\/posts\/218055\/revisions"}],"wp:featuredmedia":[{"embeddable":true,"href":"https:\/\/portalv1.com.br\/api\/wp\/v2\/media\/218056"}],"wp:attachment":[{"href":"https:\/\/portalv1.com.br\/api\/wp\/v2\/media?parent=218055"}],"wp:term":[{"taxonomy":"category","embeddable":true,"href":"https:\/\/portalv1.com.br\/api\/wp\/v2\/categories?post=218055"},{"taxonomy":"post_tag","embeddable":true,"href":"https:\/\/portalv1.com.br\/api\/wp\/v2\/tags?post=218055"}],"curies":[{"name":"wp","href":"https:\/\/api.w.org\/{rel}","templated":true}]}}