{"id":21810,"date":"2015-09-14T23:19:50","date_gmt":"2015-09-15T02:19:50","guid":{"rendered":"https:\/\/portalv1.com.br\/?p=21810"},"modified":"2015-09-14T23:19:50","modified_gmt":"2015-09-15T02:19:50","slug":"valenciano-cruz-castro-sera-homenageado-em-sao-paulo","status":"publish","type":"post","link":"https:\/\/portalv1.com.br\/valenciano-cruz-castro-sera-homenageado-em-sao-paulo\/","title":{"rendered":"Valenciano Cruz Castro ser\u00e1 homenageado em S\u00e3o Paulo"},"content":{"rendered":"<figure id=\"attachment_14194\" aria-describedby=\"caption-attachment-14194\" style=\"width: 300px\" class=\"wp-caption alignright\"><img loading=\"lazy\" decoding=\"async\" class=\"size-medium wp-image-14194\" src=\"https:\/\/portalv1.com.br\/app\/wp-content\/uploads\/2012\/11\/cruz-300x224.jpg\" alt=\"Cruz Castro presidente do Sindicato Estadual dos Agentes Comunit\u00e1rios de Sa\u00fade e de Endemias\" width=\"300\" height=\"224\" srcset=\"https:\/\/portalv1.com.br\/app\/wp-content\/uploads\/2012\/11\/cruz-300x224.jpg 300w, https:\/\/portalv1.com.br\/app\/wp-content\/uploads\/2012\/11\/cruz.jpg 448w\" sizes=\"auto, (max-width: 300px) 100vw, 300px\" \/><figcaption id=\"caption-attachment-14194\" class=\"wp-caption-text\">Cruz Castro presidente do Sindicato Estadual dos Agentes Comunit\u00e1rios de Sa\u00fade e de Endemias<\/figcaption><\/figure>\n<p>A Federa\u00e7\u00e3o dos Agentes Comunit\u00e1rios de Sa\u00fade e de Endemias (FENAAC) ir\u00e1 realizar no pr\u00f3ximo dia 04 de outubro em S\u00e3o Paulo solenidade de entrega de entrega de trof\u00e9us para os agentes e diretores brasileiros que se destacaram na categoria em 2014 e 2015.<\/p>\n<p>Entre os dirigentes premiados est\u00e1 o presidente da Associa\u00e7\u00e3o Estadual dos Agentes Comunit\u00e1rios de Sa\u00fade e de Endemias (SINDEACS) o valenciano Cruz Castro.<\/p>\n<p>A programa\u00e7\u00e3o consta ainda com sorteio de brindes e de um veiculo zero. A anima\u00e7\u00e3o ficar\u00e1 por conta de uma bateria de escola de samba. Al\u00e9m de presidir o SINDEACS o valenciano dirigi a Central dos Sindicatos Brasileiros (CSB).<\/p>\n","protected":false},"excerpt":{"rendered":"<p>A Federa\u00e7\u00e3o dos Agentes Comunit\u00e1rios de Sa\u00fade e de Endemias (FENAAC) ir\u00e1 realizar no pr\u00f3ximo dia 04 de outubro em S\u00e3o Paulo solenidade de entrega de entrega de trof\u00e9us para&#8230;<\/p>\n","protected":false},"author":1,"featured_media":0,"comment_status":"open","ping_status":"open","sticky":false,"template":"","format":"standard","meta":{"ngg_post_thumbnail":0,"footnotes":""},"categories":[12],"tags":[],"class_list":["post-21810","post","type-post","status-publish","format-standard","hentry","category-valenca-news"],"views":600,"meta_data":{"thumb":"https:\/\/portalv1.com.br\/app\/wp-content\/uploads\/2012\/11\/cruz.jpg","data":{"simple":"14\/09\/2015","date_time":"14\/09\/2015 20:19:50","date":"h\u00e1 11 anos"},"chapeu":"FENAAC","source":"slide"},"_links":{"self":[{"href":"https:\/\/portalv1.com.br\/api\/wp\/v2\/posts\/21810","targetHints":{"allow":["GET"]}}],"collection":[{"href":"https:\/\/portalv1.com.br\/api\/wp\/v2\/posts"}],"about":[{"href":"https:\/\/portalv1.com.br\/api\/wp\/v2\/types\/post"}],"author":[{"embeddable":true,"href":"https:\/\/portalv1.com.br\/api\/wp\/v2\/users\/1"}],"replies":[{"embeddable":true,"href":"https:\/\/portalv1.com.br\/api\/wp\/v2\/comments?post=21810"}],"version-history":[{"count":0,"href":"https:\/\/portalv1.com.br\/api\/wp\/v2\/posts\/21810\/revisions"}],"wp:attachment":[{"href":"https:\/\/portalv1.com.br\/api\/wp\/v2\/media?parent=21810"}],"wp:term":[{"taxonomy":"category","embeddable":true,"href":"https:\/\/portalv1.com.br\/api\/wp\/v2\/categories?post=21810"},{"taxonomy":"post_tag","embeddable":true,"href":"https:\/\/portalv1.com.br\/api\/wp\/v2\/tags?post=21810"}],"curies":[{"name":"wp","href":"https:\/\/api.w.org\/{rel}","templated":true}]}}