{"id":21821,"date":"2015-09-16T09:52:36","date_gmt":"2015-09-16T12:52:36","guid":{"rendered":"https:\/\/portalv1.com.br\/?p=21821"},"modified":"2015-09-16T09:52:36","modified_gmt":"2015-09-16T12:52:36","slug":"prefeito-municipal-nao-sera-mais-cassado-afirma-tre","status":"publish","type":"post","link":"https:\/\/portalv1.com.br\/prefeito-municipal-nao-sera-mais-cassado-afirma-tre\/","title":{"rendered":"Prefeito municipal n\u00e3o ser\u00e1 mais cassado afirma TRE"},"content":{"rendered":"<p>O Tribunal Regional Eleitoral do Piau\u00ed anulou o processo de cassa\u00e7\u00e3o do prefeito de Currais, Raimundo Santos (PDT). A decis\u00e3o foi tomada por unanimidade nesta ter\u00e7a-feira (15). H\u00e1 quase um ano, o mesmo TRE havia cassado o mandato de Santos e chegou a determinar a realiza\u00e7\u00e3o de novas elei\u00e7\u00f5es na cidade localizada 640 quil\u00f4metros ao Sul de Teresina.<\/p>\n<p>Na decis\u00e3o, o TRE acolheu o recurso da defesa de Raimundo Santos &#8220;por aus\u00eancia de m\u00eddia e laudo pericial referente&#8221; a abuso de poder econ\u00f4mico e capta\u00e7\u00e3o ou gasto il\u00edcito de recursos financeiros de campanha eleitoral.<\/p>\n<p>Raimundo Santos foi eleito vice-prefeito de Currais em 2012. Ele assumiu a Prefeitura em agosto do ano passado, ap\u00f3s a prefeita Cl\u00e1udia Lobo (PSDB) ter sido cassada pela C\u00e2mara Municipal acusada de superfaturamento e improbidade administrativa depois de uma investiga\u00e7\u00e3o realizada por uma Comiss\u00e3o Parlamentar de Inqu\u00e9rito (CPI).<\/p>\n<p>Dois meses depois, o juiz Heliomar Rios Ferreira decidiu cassar Raimundo Santos. Na sua decis\u00e3o em outubro do ano passado, o TRE argumentou que os processos movidos contra Cl\u00e1udia Lobo a respeito das elei\u00e7\u00f5es de 2012 tamb\u00e9m atingiam o seu vice-prefeito. Na \u00e9poca, o Tribunal chegou a determinar a realiza\u00e7\u00e3o de novas elei\u00e7\u00f5es no munic\u00edpio. Com a anula\u00e7\u00e3o do processo de cassa\u00e7\u00e3o, Raimundo Santos escapou tamb\u00e9m de se tornar ineleg\u00edvel.<\/p>\n<p>Fonte: cidadeverde<\/p>\n","protected":false},"excerpt":{"rendered":"<p>O Tribunal Regional Eleitoral do Piau\u00ed anulou o processo de cassa\u00e7\u00e3o do prefeito de Currais, Raimundo Santos (PDT). A decis\u00e3o foi tomada por unanimidade nesta ter\u00e7a-feira (15). H\u00e1 quase um&#8230;<\/p>\n","protected":false},"author":1,"featured_media":15420,"comment_status":"open","ping_status":"open","sticky":false,"template":"","format":"standard","meta":{"ngg_post_thumbnail":0,"footnotes":""},"categories":[12],"tags":[],"class_list":["post-21821","post","type-post","status-publish","format-standard","has-post-thumbnail","hentry","category-valenca-news"],"views":717,"meta_data":{"thumb":"https:\/\/portalv1.com.br\/app\/wp-content\/uploads\/2013\/04\/tre.jpg","imagem":{"fullsize":{"url":"https:\/\/portalv1.com.br\/app\/wp-content\/uploads\/2013\/04\/tre.jpg","width":300,"height":250},"thumbnail":{"url":"https:\/\/portalv1.com.br\/app\/wp-content\/uploads\/2013\/04\/tre-100x100.jpg","width":100,"height":100}},"data":{"simple":"16\/09\/2015","date_time":"16\/09\/2015 06:52:36","date":"h\u00e1 11 anos"},"chapeu":"Decis\u00e3o ","source":"m_destacada"},"_links":{"self":[{"href":"https:\/\/portalv1.com.br\/api\/wp\/v2\/posts\/21821","targetHints":{"allow":["GET"]}}],"collection":[{"href":"https:\/\/portalv1.com.br\/api\/wp\/v2\/posts"}],"about":[{"href":"https:\/\/portalv1.com.br\/api\/wp\/v2\/types\/post"}],"author":[{"embeddable":true,"href":"https:\/\/portalv1.com.br\/api\/wp\/v2\/users\/1"}],"replies":[{"embeddable":true,"href":"https:\/\/portalv1.com.br\/api\/wp\/v2\/comments?post=21821"}],"version-history":[{"count":0,"href":"https:\/\/portalv1.com.br\/api\/wp\/v2\/posts\/21821\/revisions"}],"wp:featuredmedia":[{"embeddable":true,"href":"https:\/\/portalv1.com.br\/api\/wp\/v2\/media\/15420"}],"wp:attachment":[{"href":"https:\/\/portalv1.com.br\/api\/wp\/v2\/media?parent=21821"}],"wp:term":[{"taxonomy":"category","embeddable":true,"href":"https:\/\/portalv1.com.br\/api\/wp\/v2\/categories?post=21821"},{"taxonomy":"post_tag","embeddable":true,"href":"https:\/\/portalv1.com.br\/api\/wp\/v2\/tags?post=21821"}],"curies":[{"name":"wp","href":"https:\/\/api.w.org\/{rel}","templated":true}]}}