{"id":21853,"date":"2015-09-21T18:34:20","date_gmt":"2015-09-21T21:34:20","guid":{"rendered":"https:\/\/portalv1.com.br\/?p=21853"},"modified":"2015-09-22T09:29:26","modified_gmt":"2015-09-22T12:29:26","slug":"programa-de-aquisicao-de-alimentos-e-realidade-em-pimenteiras","status":"publish","type":"post","link":"https:\/\/portalv1.com.br\/programa-de-aquisicao-de-alimentos-e-realidade-em-pimenteiras\/","title":{"rendered":"Programa de Aquisi\u00e7\u00e3o de Alimentos \u00e9 realidade em Pimenteiras"},"content":{"rendered":"<figure id=\"attachment_21852\" aria-describedby=\"caption-attachment-21852\" style=\"width: 640px\" class=\"wp-caption aligncenter\"><img loading=\"lazy\" decoding=\"async\" class=\"size-large wp-image-21852\" src=\"https:\/\/portalv1.com.br\/app\/wp-content\/uploads\/2015\/09\/02-640x360.jpg\" alt=\"Secret\u00e1rio de Agricultura Reinaldo Paiva (centro), o PPA \u00e9 um sucesso em Pimenteiras \" width=\"640\" height=\"360\" srcset=\"https:\/\/portalv1.com.br\/app\/wp-content\/uploads\/2015\/09\/02.jpg 640w, https:\/\/portalv1.com.br\/app\/wp-content\/uploads\/2015\/09\/02-300x169.jpg 300w\" sizes=\"auto, (max-width: 640px) 100vw, 640px\" \/><figcaption id=\"caption-attachment-21852\" class=\"wp-caption-text\">Secret\u00e1rio de Agricultura Reinaldo Paiva (centro), o PPA \u00e9 um sucesso em Pimenteiras<\/figcaption><\/figure>\n<p>A Prefeitura de Pimenteiras por interm\u00e9dio da Secretaria Municipal de Agricultura est\u00e1 desenvolvendo no munic\u00edpio o Programa de Aquisi\u00e7\u00e3o de Alimentos (PAA) com o apoio da Secretaria Municipal de Assist\u00eancia Social e Conab.<\/p>\n<p>O PAA consiste na aquisi\u00e7\u00e3o de alimentos junto aos agricultores familiares que vendem seus produtos com pre\u00e7o justo para a Conab que por sua vez repassa os mesmos para as pessoas inscritas no CadUnico atrav\u00e9s do CRAS que \u00e9 respons\u00e1vel pela sele\u00e7\u00e3o dos beneficiados. Em Pimenteiras, o montante investido ser\u00e1 de quase R$ 104 mil reais como explica o secret\u00e1rio de agricultura Reinaldo Paiva.<\/p>\n<p>\u201cSer\u00e3o gastos com o PAA em Pimenteiras R$ 103.318,82 com a compra de feij\u00e3o verde, melancia, milho, batata doce, cheiro verde, macaxeira, entre outros produtos todos produzidos de forma organiza\u201d afirmou o secret\u00e1rio que revelou ainda que apesar de ter sido criado em 2003 pelo governo federal, o programa nunca tinha sido implantado em Pimenteiras.<\/p>\n<p>Ele afirmou que o PAA est\u00e1 sendo desenvolvido no munic\u00edpio atrav\u00e9s da Associa\u00e7\u00e3o Comunit\u00e1ria dos Trabalhadores Rurais da Propriedade Lagoa do Barbosa com o apoio da Prefeitura de Pimenteiras, que entre outras coisas entrou com o transporte dos alimentos aumentando assim o lucro dos agricultores familiares. A associa\u00e7\u00e3o da Lagoa do Barbosa foi escolhida por se enquadrar nas exig\u00eancias do Minist\u00e9rio Desenvolvimento Social e Combate \u00e0 Fome (MDS) e demais gestores.<\/p>\n<p>Reinaldo Paiva agradeceu a colabora\u00e7\u00e3o da prefeitura e da assist\u00eancia social do munic\u00edpio. \u201cEsse programa est\u00e1 sendo um sucesso porque o prefeito Venicio do \u00d3 pediu para que tudo que fosse poss\u00edvel fazer para ajudar as fam\u00edlias fosse feito e o apoio do CRAS que selecionou as fam\u00edlias carentes todas inscritas no CadUnico para receberem os alimentos, essa parceria faz do PAA de Pimenteiras um grande sucesso\u201d finalizou.<\/p>\n","protected":false},"excerpt":{"rendered":"<p>A Prefeitura de Pimenteiras por interm\u00e9dio da Secretaria Municipal de Agricultura est\u00e1 desenvolvendo no munic\u00edpio o Programa de Aquisi\u00e7\u00e3o de Alimentos (PAA) com o apoio da Secretaria Municipal de Assist\u00eancia&#8230;<\/p>\n","protected":false},"author":1,"featured_media":0,"comment_status":"open","ping_status":"open","sticky":false,"template":"","format":"standard","meta":{"ngg_post_thumbnail":0,"footnotes":""},"categories":[12],"tags":[],"class_list":["post-21853","post","type-post","status-publish","format-standard","hentry","category-valenca-news"],"views":401,"meta_data":{"thumb":"https:\/\/portalv1.com.br\/app\/wp-content\/uploads\/2015\/09\/02.jpg","data":{"simple":"21\/09\/2015","date_time":"21\/09\/2015 15:34:20","date":"h\u00e1 11 anos"},"chapeu":"PAA","source":"slide"},"_links":{"self":[{"href":"https:\/\/portalv1.com.br\/api\/wp\/v2\/posts\/21853","targetHints":{"allow":["GET"]}}],"collection":[{"href":"https:\/\/portalv1.com.br\/api\/wp\/v2\/posts"}],"about":[{"href":"https:\/\/portalv1.com.br\/api\/wp\/v2\/types\/post"}],"author":[{"embeddable":true,"href":"https:\/\/portalv1.com.br\/api\/wp\/v2\/users\/1"}],"replies":[{"embeddable":true,"href":"https:\/\/portalv1.com.br\/api\/wp\/v2\/comments?post=21853"}],"version-history":[{"count":0,"href":"https:\/\/portalv1.com.br\/api\/wp\/v2\/posts\/21853\/revisions"}],"wp:attachment":[{"href":"https:\/\/portalv1.com.br\/api\/wp\/v2\/media?parent=21853"}],"wp:term":[{"taxonomy":"category","embeddable":true,"href":"https:\/\/portalv1.com.br\/api\/wp\/v2\/categories?post=21853"},{"taxonomy":"post_tag","embeddable":true,"href":"https:\/\/portalv1.com.br\/api\/wp\/v2\/tags?post=21853"}],"curies":[{"name":"wp","href":"https:\/\/api.w.org\/{rel}","templated":true}]}}