{"id":218565,"date":"2024-09-18T10:29:47","date_gmt":"2024-09-18T13:29:47","guid":{"rendered":"https:\/\/portalv1.com.br\/?p=218565"},"modified":"2024-09-18T10:29:47","modified_gmt":"2024-09-18T13:29:47","slug":"semarh-proibe-fogo-para-manejo-por-60-dias-no-piaui","status":"publish","type":"post","link":"https:\/\/portalv1.com.br\/semarh-proibe-fogo-para-manejo-por-60-dias-no-piaui\/","title":{"rendered":"Semarh pro\u00edbe fogo para manejo por 60 dias no Piau\u00ed"},"content":{"rendered":"<p>Uma portaria da Secretaria Estadual do Meio Ambiente e Recursos H\u00eddricos (Semarh), que entrou em vigor na ter\u00e7a-feira, 17 de setembro, pro\u00edbe a queima de vegeta\u00e7\u00e3o at\u00e9 17 de novembro e revoga todas as autoriza\u00e7\u00f5es de queima controlada emitidas para esse per\u00edodo.<\/p>\n<p>A medida visa prevenir danos ao ecossistema, afetando a fauna, flora e a sa\u00fade humana.<\/p>\n<p>Art. 1\u00ba Proibir o uso do fogo nas florestas e demais formas de vegeta\u00e7\u00e3o, inclusive em res\u00edduos associados a culturas e restos florestais. Par\u00e1grafo \u00fanico: Fica vedado em todo o territ\u00f3rio do Estado do Piau\u00ed, o uso do fogo em todas as suas formas, durante o per\u00edodo compreendido entre 17 de setembro a 17 de novembro de 2024, inclusive mediante queima controlada em pr\u00e1ticas agropastoris e florestais, como meio de limpeza de pastagem, preparo do solo para o plantio, erradica\u00e7\u00e3o de pragas, incinera\u00e7\u00e3o de lixo e outras pr\u00e1ticas com finalidades semelhantes, mesmo que autorizadas por este \u00f3rg\u00e3o ambiental no per\u00edodo de vig\u00eancia desta portaria.<\/p>\n<p>CONSIDERA\u00c7\u00d5ES<\/p>\n<p>A secretaria considera que todos t\u00eam direito ao meio ambiente ecologicamente equilibrado, bem de uso comum do povo e essencial \u00e0 sadia qualidade de vida, impondo-se ao Poder P\u00fablico e \u00e0 coletividade o dever de defend\u00ea-lo e preserv\u00e1-lo para as presentes e futuras gera\u00e7\u00f5es.<\/p>\n<p>Considera ainda, a necessidade de restringir o uso do fogo nos biomas piauienses, visto que a ocorr\u00eancia de queimadas e inc\u00eandios florestais no per\u00edodo compreendido entre os meses de julho a novembro provoca significativos efeitos prejudiciais ao ecossistema com fortes reflexos sobre a fauna, flora e a sa\u00fade humana.<\/p>\n<p>PROIBI\u00c7\u00c3O PODE SER PROLONGADA<\/p>\n<p>Al\u00e9m do tempo seco, das altas temperaturas e da vegeta\u00e7\u00e3o ressecada, a presen\u00e7a de vento pode permitir que um foco de inc\u00eandio se espalhe rapidamente e destrua grandes \u00e1reas de vegeta\u00e7\u00e3o. A Secretaria pode prolongar a proibi\u00e7\u00e3o de queima controlada se as condi\u00e7\u00f5es clim\u00e1ticas e meteorol\u00f3gicas permanecerem desfavor\u00e1veis para o uso do fogo.&nbsp;<\/p>\n<p>Fonte; Meio<\/p>\n","protected":false},"excerpt":{"rendered":"<p>Uma portaria da Secretaria Estadual do Meio Ambiente e Recursos H\u00eddricos (Semarh), que entrou em vigor na ter\u00e7a-feira, 17 de setembro, pro\u00edbe a queima de vegeta\u00e7\u00e3o at\u00e9 17 de novembro&#8230;<\/p>\n","protected":false},"author":1,"featured_media":13657,"comment_status":"open","ping_status":"open","sticky":false,"template":"","format":"standard","meta":{"ngg_post_thumbnail":0,"footnotes":""},"categories":[243],"tags":[],"class_list":["post-218565","post","type-post","status-publish","format-standard","has-post-thumbnail","hentry","category-geral"],"views":82,"meta_data":{"thumb":"https:\/\/portalv1.com.br\/app\/wp-content\/uploads\/2012\/09\/barraca.jpg","imagem":{"fullsize":{"url":"https:\/\/portalv1.com.br\/app\/wp-content\/uploads\/2012\/09\/barraca.jpg","width":"450","height":"338"},"thumbnail":{"url":"https:\/\/portalv1.com.br\/app\/wp-content\/uploads\/2012\/09\/barraca-100x100.jpg","width":"100","height":"100"},"medium":{"url":"https:\/\/portalv1.com.br\/app\/wp-content\/uploads\/2012\/09\/barraca-300x225.jpg","width":"300","height":"225"},"post-thumbnail":{"url":"https:\/\/portalv1.com.br\/app\/wp-content\/uploads\/2012\/09\/barraca-100x100.jpg","width":"100","height":"100"},"imgpadrao":{"url":"https:\/\/portalv1.com.br\/app\/wp-content\/uploads\/2012\/09\/barraca-300x183.jpg","width":"300","height":"183"},"tecnologia":{"url":"https:\/\/portalv1.com.br\/app\/wp-content\/uploads\/2012\/09\/barraca-230x136.jpg","width":"230","height":"136"}},"data":{"simple":"18\/09\/2024","date_time":"18\/09\/2024 07:29:47","date":"h\u00e1 2 anos"},"chapeu":"Secretaria Estadual do Meio Ambiente ","source":"m_destacada"},"_links":{"self":[{"href":"https:\/\/portalv1.com.br\/api\/wp\/v2\/posts\/218565","targetHints":{"allow":["GET"]}}],"collection":[{"href":"https:\/\/portalv1.com.br\/api\/wp\/v2\/posts"}],"about":[{"href":"https:\/\/portalv1.com.br\/api\/wp\/v2\/types\/post"}],"author":[{"embeddable":true,"href":"https:\/\/portalv1.com.br\/api\/wp\/v2\/users\/1"}],"replies":[{"embeddable":true,"href":"https:\/\/portalv1.com.br\/api\/wp\/v2\/comments?post=218565"}],"version-history":[{"count":0,"href":"https:\/\/portalv1.com.br\/api\/wp\/v2\/posts\/218565\/revisions"}],"wp:featuredmedia":[{"embeddable":true,"href":"https:\/\/portalv1.com.br\/api\/wp\/v2\/media\/13657"}],"wp:attachment":[{"href":"https:\/\/portalv1.com.br\/api\/wp\/v2\/media?parent=218565"}],"wp:term":[{"taxonomy":"category","embeddable":true,"href":"https:\/\/portalv1.com.br\/api\/wp\/v2\/categories?post=218565"},{"taxonomy":"post_tag","embeddable":true,"href":"https:\/\/portalv1.com.br\/api\/wp\/v2\/tags?post=218565"}],"curies":[{"name":"wp","href":"https:\/\/api.w.org\/{rel}","templated":true}]}}