{"id":21860,"date":"2015-09-23T13:16:06","date_gmt":"2015-09-23T16:16:06","guid":{"rendered":"https:\/\/portalv1.com.br\/?p=21860"},"modified":"2015-09-24T00:18:29","modified_gmt":"2015-09-24T03:18:29","slug":"senac-realiza-curso-de-atendimento-primario-de-urgencia-e-emergencia","status":"publish","type":"post","link":"https:\/\/portalv1.com.br\/senac-realiza-curso-de-atendimento-primario-de-urgencia-e-emergencia\/","title":{"rendered":"SENAC realiza curso de atendimento prim\u00e1rio de urg\u00eancia e emerg\u00eancia"},"content":{"rendered":"<p><img loading=\"lazy\" decoding=\"async\" class=\"aligncenter size-large wp-image-21861\" src=\"https:\/\/portalv1.com.br\/app\/wp-content\/uploads\/2015\/09\/senac-640x480.jpg\" alt=\"senac\" width=\"640\" height=\"480\" srcset=\"https:\/\/portalv1.com.br\/app\/wp-content\/uploads\/2015\/09\/senac.jpg 640w, https:\/\/portalv1.com.br\/app\/wp-content\/uploads\/2015\/09\/senac-300x225.jpg 300w\" sizes=\"auto, (max-width: 640px) 100vw, 640px\" \/>Est\u00e3o abertas as matr\u00edculas para o curso de atendimento prim\u00e1rio de urg\u00eancia e emerg\u00eancia, destinado a todos aqueles da \u00e1rea da sa\u00fade ou n\u00e3o, interessados nos procedimentos b\u00e1sicos de primeiros socorros.<\/p>\n<p>O concludente do curso estar\u00e1 apto a aplicar as t\u00e9cnicas b\u00e1sicas adequadas numa situa\u00e7\u00e3o de urg\u00eancia e emerg\u00eancia e na condu\u00e7\u00e3o dos atendimentos imediatos de forma prim\u00e1ria com conhecimento t\u00e9cnico-cient\u00edfico.<\/p>\n<p>Para fazer o curso \u00e9 necess\u00e1rio apenas ter 18 anos e ter o ensino fundamental completo.<\/p>\n<p><strong><u>Mais detalhes:<\/u><\/strong><\/p>\n<p><strong><u>CH: <\/u><\/strong>20 hrs<br \/>\n<strong><u>Per\u00edodo:<\/u><\/strong> 07\/10 a 28\/10\/2015<br \/>\n<strong><u>Hor\u00e1rio:<\/u><\/strong> Qua e Sex. 14:00 \u00e0s 17:00 hrs<br \/>\n<strong><u>Investimento:<\/u><\/strong> R$ 50,00<\/p>\n<p><strong>Conte\u00fado Program\u00e1tico:<\/strong><br \/>\n&#8211; Conceito de Urg\u00eancia e Emerg\u00eancia, Pronto Socorro e Pronto Atendimento.<br \/>\n&#8211; Preceitos Legais nas situa\u00e7\u00f5es de urg\u00eancia e emerg\u00eancias.<br \/>\n&#8211; Avalia\u00e7\u00e3o Inicial. Cinem\u00e1tica do trauma. Abordagem Prim\u00e1ria.<br \/>\n&#8211; Protocolo de Atendimento de Urg\u00eancia e Emerg\u00eancia (C A B D E) &#8211; Desobstru\u00e7\u00e3o de Vias A\u00e9reas<br \/>\n-Manobra de Heimlich (Adulto, Crian\u00e7a, RN).<br \/>\n&#8211; Trauma M\u00fasculo-esquel\u00e9tico: Fraturas, Luxa\u00e7\u00e3o e Entorse.<br \/>\n&#8211; Parada Cardiorrespirat\u00f3ria (PCR). Assist\u00eancia de enfermagem na PCR.<br \/>\n&#8211; Emerg\u00eancias cardiol\u00f3gicas (Crise Hipertensiva, Infarto Agudo do Mioc\u00e1rdio).<br \/>\n&#8211; Choque (Hemorr\u00e1gico Anafil\u00e1tico). Convuls\u00e3o. Desmaio\/ Vertigem. Intoxica\u00e7\u00e3o ex\u00f3gena. Queimadura.<\/p>\n<p>Mais informa\u00e7\u00f5es ligue 89- 34651066<\/p>\n","protected":false},"excerpt":{"rendered":"<p>Est\u00e3o abertas as matr\u00edculas para o curso de atendimento prim\u00e1rio de urg\u00eancia e emerg\u00eancia, destinado a todos aqueles da \u00e1rea da sa\u00fade ou n\u00e3o, interessados nos procedimentos b\u00e1sicos de primeiros&#8230;<\/p>\n","protected":false},"author":1,"featured_media":0,"comment_status":"open","ping_status":"open","sticky":false,"template":"","format":"standard","meta":{"ngg_post_thumbnail":0,"footnotes":""},"categories":[12],"tags":[],"class_list":["post-21860","post","type-post","status-publish","format-standard","hentry","category-valenca-news"],"views":582,"meta_data":{"thumb":"https:\/\/portalv1.com.br\/app\/wp-content\/uploads\/2015\/09\/senac.jpg","data":{"simple":"23\/09\/2015","date_time":"23\/09\/2015 10:16:06","date":"h\u00e1 11 anos"},"chapeu":"VAGAS LIMITADAS ","source":"foto_menor"},"_links":{"self":[{"href":"https:\/\/portalv1.com.br\/api\/wp\/v2\/posts\/21860","targetHints":{"allow":["GET"]}}],"collection":[{"href":"https:\/\/portalv1.com.br\/api\/wp\/v2\/posts"}],"about":[{"href":"https:\/\/portalv1.com.br\/api\/wp\/v2\/types\/post"}],"author":[{"embeddable":true,"href":"https:\/\/portalv1.com.br\/api\/wp\/v2\/users\/1"}],"replies":[{"embeddable":true,"href":"https:\/\/portalv1.com.br\/api\/wp\/v2\/comments?post=21860"}],"version-history":[{"count":0,"href":"https:\/\/portalv1.com.br\/api\/wp\/v2\/posts\/21860\/revisions"}],"wp:attachment":[{"href":"https:\/\/portalv1.com.br\/api\/wp\/v2\/media?parent=21860"}],"wp:term":[{"taxonomy":"category","embeddable":true,"href":"https:\/\/portalv1.com.br\/api\/wp\/v2\/categories?post=21860"},{"taxonomy":"post_tag","embeddable":true,"href":"https:\/\/portalv1.com.br\/api\/wp\/v2\/tags?post=21860"}],"curies":[{"name":"wp","href":"https:\/\/api.w.org\/{rel}","templated":true}]}}